{"id":9958,"date":"2018-01-22T16:08:37","date_gmt":"2018-01-22T15:08:37","guid":{"rendered":"https:\/\/www.uhrinstinkt.de\/magazin\/?p=9958"},"modified":"2018-01-22T17:42:42","modified_gmt":"2018-01-22T16:42:42","slug":"sihh-2018-luxusuhren-trends","status":"publish","type":"post","link":"https:\/\/www.uhrinstinkt.de\/magazin\/sihh-2018-luxusuhren-trends\/","title":{"rendered":"SIHH 2018 ein Blick auf die neuesten Luxusuhren-Trends"},"content":{"rendered":"<p style=\"text-align: justify;\"><strong>Der Salon de la Haute Horlogerie (SIHH) in Genf ist jeweils die erste bedeutende internationale Uhrenfachmesse im Jahr und daher ein wichtiges Trendbarometer f\u00fcr die gesamte Uhrenindustrie. Vom 15. bis zum 19. Januar 2018 fand die exklusive Branchenschau bereits zum 28. Mal statt. Im Vergleich zum Vorjahr waren dabei einige Neuerungen festzustellen.<\/strong><\/p>\n<h2>Mehr Aussteller und verj\u00fcngte Ausstellerstruktur<\/h2>\n<p style=\"text-align: justify;\">Betrachtet man die Entwicklung der Messebeteiligung im Laufe der vergangenen Jahre, dann zeigt sich deutlich: Der SIHH befindet sich auf einem klaren Wachstumskurs. Schon im November 2017 hatte die Fondation de la Haute Horlogerie als Veranstalterin des Salons verk\u00fcnden k\u00f6nnen, dass die Zahl der Aussteller 2018 im Vergleich zum Vorjahr um rund ein F\u00fcnftel zunehmen werde. So waren es diesmal insgesamt 35 Anbieter, die ihre Produkte dem Fachpublikum \u2013 und am letzten Messetag auch der interessierten \u00d6ffentlichkeit \u2013 pr\u00e4sentierten.<\/p>\n<blockquote>\n<p style=\"text-align: justify;\">Zum Vergleich: Noch vor drei Jahren waren es gerade einmal 16 Aussteller gewesen \u2013 und damit weniger als halb so viele wie 2018.<\/p>\n<\/blockquote>\n<p style=\"text-align: justify;\">Sechs Unternehmen waren 2018 zum ersten Mal auf dem SIHH vertreten. Dabei handelte es sich um den franz\u00f6sischen Mode- und Luxusartikelhersteller Herm\u00e8s, der auch Uhren in der Schweiz fertigen l\u00e4sst, sowie um die Uhrenmarken Armin Strom, Chronom\u00e9trie Ferdinand Berthoud, DeWitt, \u00c9l\u00e9gante by F. P. Journe und Romain Gauthier. Die Aussteller werden jeweils einer von zwei Gruppen zugeordnet, den &#8220;Maisons historiques&#8221;, das hei\u00dft, den schon l\u00e4nger bestehenden, traditionsreichen H\u00e4usern, und dem &#8220;Carr\u00e9 des Horlogers&#8221;, das erst wenige Jahrzehnte bestehenden oder gar erst k\u00fcrzlich gegr\u00fcndeten Marken vorbehalten ist.<\/p>\n<figure id=\"attachment_10003\" aria-describedby=\"caption-attachment-10003\" style=\"width: 600px\" class=\"wp-caption aligncenter\"><img loading=\"lazy\" decoding=\"async\" class=\"wp-image-10003 size-full\" title=\"Salon International de la Haute Horlogerie Gen\u00e8ve 2018\" src=\"https:\/\/www.uhrinstinkt.de\/magazin\/wp-content\/uploads\/2018\/01\/Salon-International-de-la-Haute-Horlogerie-Geneve-2018.jpg\" alt=\"Salon International de la Haute Horlogerie Geneve 2018\" width=\"600\" height=\"400\" srcset=\"https:\/\/www.uhrinstinkt.de\/magazin\/wp-content\/uploads\/2018\/01\/Salon-International-de-la-Haute-Horlogerie-Geneve-2018.jpg 600w, https:\/\/www.uhrinstinkt.de\/magazin\/wp-content\/uploads\/2018\/01\/Salon-International-de-la-Haute-Horlogerie-Geneve-2018-300x200.jpg 300w\" sizes=\"auto, (max-width: 600px) 100vw, 600px\" \/><figcaption id=\"caption-attachment-10003\" class=\"wp-caption-text\">Bildquelle: \u00a9 SIHH 2018<\/figcaption><\/figure>\n<p style=\"text-align: justify;\">Dass von den sechs SIHH-Deb\u00fctanten des Jahres 2018 nur Herm\u00e8s zu den &#8220;Maisons historiques&#8221; z\u00e4hlte, die \u00fcbrigen f\u00fcnf sich dagegen im &#8220;Carr\u00e9 des Horlogers&#8221; pr\u00e4sentierten, l\u00e4sst eine bemerkenswerte Verj\u00fcngung der Ausstellerstruktur erkennen. Zu den gro\u00dfen Namen, die 2018 ebenfalls wieder dabei waren, z\u00e4hlten Marken wie A. Lange &amp; S\u00f6hne, Audemars Piguet, <a href=\"https:\/\/www.uhrinstinkt.de\/uhren\/girard-perregaux\/\">Girard-Perregaux<\/a> oder <a href=\"https:\/\/www.uhrinstinkt.de\/uhren\/ulysse-nardin\/\">Ulysse Nardin<\/a> \u2013 um nur wenige Beispiele zu nennen.<\/p>\n<figure id=\"attachment_10006\" aria-describedby=\"caption-attachment-10006\" style=\"width: 600px\" class=\"wp-caption aligncenter\"><img loading=\"lazy\" decoding=\"async\" class=\"wp-image-10006 size-full\" title=\"SIHH 2018 | Er\u00f6ffnung\" src=\"https:\/\/www.uhrinstinkt.de\/magazin\/wp-content\/uploads\/2018\/01\/SIHH-2018-Eroeffnung.jpg\" alt=\"SIHH 2018 Eroeffnung\" width=\"600\" height=\"394\" srcset=\"https:\/\/www.uhrinstinkt.de\/magazin\/wp-content\/uploads\/2018\/01\/SIHH-2018-Eroeffnung.jpg 600w, https:\/\/www.uhrinstinkt.de\/magazin\/wp-content\/uploads\/2018\/01\/SIHH-2018-Eroeffnung-300x197.jpg 300w, https:\/\/www.uhrinstinkt.de\/magazin\/wp-content\/uploads\/2018\/01\/SIHH-2018-Eroeffnung-310x205.jpg 310w\" sizes=\"auto, (max-width: 600px) 100vw, 600px\" \/><figcaption id=\"caption-attachment-10006\" class=\"wp-caption-text\">Bildquelle: \u00a9 SIHH 2018<\/figcaption><\/figure>\n<h2>Die Ausstellung wird gr\u00f6\u00dfer \u2013 die Uhren kleiner<\/h2>\n<p style=\"text-align: justify;\">Angesichts der deutlich gr\u00f6\u00dferen Zahl von Messest\u00e4nden sowie von rund 20.000 erwarteten Besuchern wurde das Konzept des SIHH entsprechend modifiziert und die Ausstellungsfl\u00e4chen insgesamt gro\u00dfz\u00fcgiger gestaltet. Die SIHH-App wurde optimiert, und am letzten Messetag standen die T\u00fcren des SIHH auch wieder interessierten privaten Besuchern offen. Bislang war dies keinesfalls selbstverst\u00e4ndlich, denn bis 2016 hatte sich der SIHH stets als reine Fachbesuchermesse verstanden. Erst 2017 hatte man am f\u00fcnften und letzten Tag auch privaten Interessenten Zutritt zum SIHH gew\u00e4hrt und war damit auf eine \u00e4u\u00dferst positive Resonanz gesto\u00dfen.<\/p>\n<blockquote>\n<p style=\"text-align: justify;\">Auch 2018 waren unter den rund 20.000 Fachbesuchern wieder rund 2.500 Uhrenliebhaber, die die Gelegenheit nutzten und aus privatem Interesse den SIHH besuchten.<\/p>\n<\/blockquote>\n<p style=\"text-align: justify;\">Insgesamt erh\u00f6hte sich die Besucherzahl im Vergleich zum Vorjahr damit um rund 20 Prozent, und auch das Interesse der Medien war mit rund 1.500 Akkreditierungen deutlich st\u00e4rker als im Januar 2017. Marktbeobachter werten diese Entwicklung als m\u00f6glichen Hinweis auf ein vielversprechendes Jahr f\u00fcr die Uhrenbranche, nachdem diese \u2013 insbesondere im Luxussegment \u2013 zuletzt mehrere schwieriger Jahre erlebt hatte. Ein allzu starkes Wachstum der Messe wird jedoch seitens der Veranstalter gar nicht angestrebt.<\/p>\n<figure id=\"attachment_9985\" aria-describedby=\"caption-attachment-9985\" style=\"width: 600px\" class=\"wp-caption aligncenter\"><img loading=\"lazy\" decoding=\"async\" class=\"wp-image-9985 size-full\" title=\"Fabienne Lupo\" src=\"https:\/\/www.uhrinstinkt.de\/magazin\/wp-content\/uploads\/2018\/01\/Fabienne-Lupo.jpg\" alt=\"Fabienne Lupo\" width=\"600\" height=\"900\" srcset=\"https:\/\/www.uhrinstinkt.de\/magazin\/wp-content\/uploads\/2018\/01\/Fabienne-Lupo.jpg 600w, https:\/\/www.uhrinstinkt.de\/magazin\/wp-content\/uploads\/2018\/01\/Fabienne-Lupo-200x300.jpg 200w\" sizes=\"auto, (max-width: 600px) 100vw, 600px\" \/><figcaption id=\"caption-attachment-9985\" class=\"wp-caption-text\">Bildquelle: \u00a9 SIHH 2018<\/figcaption><\/figure>\n<p style=\"text-align: justify;\">Vielmehr betonte Fabienne Lupo, die Gesch\u00e4ftsf\u00fchrerin des SIHH, die Messe werde innerhalb von sorgf\u00e4ltig bemessenen Grenzen wachsen, um sich jene Werte der Exzellenz zu bewahren, auf denen ihr Ruf basiert. Wie in jedem Jahr gab es eine Reihe von innovativen und avantgardistischen Uhrenmodellen, aber auch Weiterentwicklungen von Klassikern und Neue Versionen von Modellen etablierter Kollektionen zu sehen.<\/p>\n<div class=\"BorlabsCookie _brlbs-cb-youtube\"><div class=\"_brlbs-content-blocker\"> <div class=\"_brlbs-embed _brlbs-video-youtube\"> <img class=\"_brlbs-thumbnail\" src=\"https:\/\/www.uhrinstinkt.de\/magazin\/wp-content\/plugins\/borlabs-cookie\/assets\/images\/cb-no-thumbnail.png\" alt=\"YouTube\"> <div class=\"_brlbs-caption\"> <p>Mit dem Laden des Videos akzeptieren Sie die Datenschutzerkl\u00e4rung von YouTube.<br><a href=\"https:\/\/policies.google.com\/privacy\" target=\"_blank\" rel=\"nofollow noopener noreferrer\">Mehr erfahren<\/a><\/p> <p><a class=\"_brlbs-btn _brlbs-icon-play-white\" href=\"#\" data-borlabs-cookie-unblock role=\"button\">Video laden<\/a><\/p> <p><label><input type=\"checkbox\" name=\"unblockAll\" value=\"1\" checked> <small>YouTube immer entsperren<\/small><\/label><\/p> <\/div> <\/div> <\/div><div class=\"borlabs-hide\" data-borlabs-cookie-type=\"content-blocker\" data-borlabs-cookie-id=\"youtube\"><script type=\"text\/template\">PHA+PGlmcmFtZSBsb2FkaW5nPSJsYXp5IiBzcmM9Imh0dHBzOi8vd3d3LnlvdXR1YmUtbm9jb29raWUuY29tL2VtYmVkLzZaNjFiLTdHY3cwP3JlbD0wIiB3aWR0aD0iNTYwIiBoZWlnaHQ9IjMxNSIgZnJhbWVib3JkZXI9IjAiIGFsbG93ZnVsbHNjcmVlbj0iYWxsb3dmdWxsc2NyZWVuIj48L2lmcmFtZT48L3A+<\/script><\/div><\/div>\n<p style=\"text-align: justify;\">Insgesamt zeichnete sich dabei 2018 ein Trend ab, der in fr\u00fcheren Jahren so noch nicht zu beobachten gewesen war: Nach Jahrzehnten, in denen die Uhrengeh\u00e4use immer gr\u00f6\u00dfer zu werden schienen, kommen jetzt wieder vermehrt kleinere Modelle auf den Markt, von denen viele auch als Unisex Uhren getragen werden k\u00f6nnen.<\/p>\n<h2>Girard-Perregaux \u00fcberrascht mit neuem Laureato Chronograph<\/h2>\n<p style=\"text-align: justify;\">Zu den von vielen Uhrenfans geradezu herbeigesehnten Neuerscheinungen des SIHH 2018 z\u00e4hlt der Laureato Chronograph, mit dem Girard-Perregaux zwei Jahre nach ihrem Relaunch die Uhrenlinie Laureato komplettiert.<\/p>\n<figure id=\"attachment_9997\" aria-describedby=\"caption-attachment-9997\" style=\"width: 600px\" class=\"wp-caption aligncenter\"><img loading=\"lazy\" decoding=\"async\" class=\"wp-image-9997 size-full\" title=\"SIHH 2018: Girard-Perregaux\" src=\"https:\/\/www.uhrinstinkt.de\/magazin\/wp-content\/uploads\/2018\/01\/SIHH-2018-Girard-Perregaux.jpg\" alt=\"SIHH 2018 Girard-Perregaux\" width=\"600\" height=\"400\" srcset=\"https:\/\/www.uhrinstinkt.de\/magazin\/wp-content\/uploads\/2018\/01\/SIHH-2018-Girard-Perregaux.jpg 600w, https:\/\/www.uhrinstinkt.de\/magazin\/wp-content\/uploads\/2018\/01\/SIHH-2018-Girard-Perregaux-300x200.jpg 300w\" sizes=\"auto, (max-width: 600px) 100vw, 600px\" \/><figcaption id=\"caption-attachment-9997\" class=\"wp-caption-text\">Bildquelle: \u00a9 SIHH 2018<\/figcaption><\/figure>\n<p style=\"text-align: justify;\">In dem charakteristischen Laureato-Geh\u00e4use arbeitet ein automatisches Chronographenwerk mit zwei Z\u00e4hlern, einer kleinen Sekunde sowie einer Datumsanzeige. Die drei Hilfszifferbl\u00e4tter sind in Tricompax-Anordnung positioniert, das aktuelle Tagesdatum erscheint zwischen der Vier und der F\u00fcnf.<\/p>\n<figure id=\"attachment_9998\" aria-describedby=\"caption-attachment-9998\" style=\"width: 600px\" class=\"wp-caption aligncenter\"><img loading=\"lazy\" decoding=\"async\" class=\"wp-image-9998 size-full\" title=\"Girard-Perregaux im SIHH 2018\" src=\"https:\/\/www.uhrinstinkt.de\/magazin\/wp-content\/uploads\/2018\/01\/Girard-Perregaux-SIHH-2018.jpg\" alt=\"Girard-Perregaux SIHH 2018\" width=\"600\" height=\"400\" srcset=\"https:\/\/www.uhrinstinkt.de\/magazin\/wp-content\/uploads\/2018\/01\/Girard-Perregaux-SIHH-2018.jpg 600w, https:\/\/www.uhrinstinkt.de\/magazin\/wp-content\/uploads\/2018\/01\/Girard-Perregaux-SIHH-2018-300x200.jpg 300w\" sizes=\"auto, (max-width: 600px) 100vw, 600px\" \/><figcaption id=\"caption-attachment-9998\" class=\"wp-caption-text\">Bildquelle: \u00a9 SIHH 2018<\/figcaption><\/figure>\n<p style=\"text-align: justify;\">Der neue Chronograph wird in zwei unterschiedlichen Gr\u00f6\u00dfen \u2013 mit 42 oder mit 38 Millimetern Durchmesser \u2013 angeboten.\u00a0Die k\u00fcnftigen Besitzer dieser Uhr k\u00f6nnen sich zudem \u00fcber eine komfortable Gangreserve von bis zu 46 Stunden, besonders leichtg\u00e4ngige Dr\u00fccker und ein besonders liebevolles Werkfinish mit Genfer Streifen, angeleierten Kanten und Streifenschliff freuen.<\/p>\n<div class=\"BorlabsCookie _brlbs-cb-youtube\"><div class=\"_brlbs-content-blocker\"> <div class=\"_brlbs-embed _brlbs-video-youtube\"> <img class=\"_brlbs-thumbnail\" src=\"https:\/\/www.uhrinstinkt.de\/magazin\/wp-content\/plugins\/borlabs-cookie\/assets\/images\/cb-no-thumbnail.png\" alt=\"YouTube\"> <div class=\"_brlbs-caption\"> <p>Mit dem Laden des Videos akzeptieren Sie die Datenschutzerkl\u00e4rung von YouTube.<br><a href=\"https:\/\/policies.google.com\/privacy\" target=\"_blank\" rel=\"nofollow noopener noreferrer\">Mehr erfahren<\/a><\/p> <p><a class=\"_brlbs-btn _brlbs-icon-play-white\" href=\"#\" data-borlabs-cookie-unblock role=\"button\">Video laden<\/a><\/p> <p><label><input type=\"checkbox\" name=\"unblockAll\" value=\"1\" checked> <small>YouTube immer entsperren<\/small><\/label><\/p> <\/div> <\/div> <\/div><div class=\"borlabs-hide\" data-borlabs-cookie-type=\"content-blocker\" data-borlabs-cookie-id=\"youtube\"><script type=\"text\/template\">PHA+PGlmcmFtZSBsb2FkaW5nPSJsYXp5IiBzcmM9Imh0dHBzOi8vd3d3LnlvdXR1YmUtbm9jb29raWUuY29tL2VtYmVkLzA4b3BYSERocVhFP3JlbD0wIiB3aWR0aD0iNTYwIiBoZWlnaHQ9IjMxNSIgZnJhbWVib3JkZXI9IjAiIGFsbG93ZnVsbHNjcmVlbj0iYWxsb3dmdWxsc2NyZWVuIj48L2lmcmFtZT48L3A+<\/script><\/div><\/div>\n<h2>Ulysse Nardin erfreut Retro-Fans und Taucher<\/h2>\n<p style=\"text-align: justify;\">Die Marke Ulysse Nardin, die sich traditionell durch eine Affinit\u00e4t zum Maritimen auszeichnet, erfreute auf dem SIHH zum einen Liebhaber nostalgischer Marineuhren mit einigen neuen Modellen.<\/p>\n<figure id=\"attachment_9991\" aria-describedby=\"caption-attachment-9991\" style=\"width: 600px\" class=\"wp-caption aligncenter\"><img loading=\"lazy\" decoding=\"async\" class=\"wp-image-9991 size-full\" title=\"Ulysse Nardin im SIHH 2018\" src=\"https:\/\/www.uhrinstinkt.de\/magazin\/wp-content\/uploads\/2018\/01\/Ulysse-Nardin-SIHH-2018.jpg\" alt=\"Ulysse Nardin SIHH 2018\" width=\"600\" height=\"400\" srcset=\"https:\/\/www.uhrinstinkt.de\/magazin\/wp-content\/uploads\/2018\/01\/Ulysse-Nardin-SIHH-2018.jpg 600w, https:\/\/www.uhrinstinkt.de\/magazin\/wp-content\/uploads\/2018\/01\/Ulysse-Nardin-SIHH-2018-300x200.jpg 300w\" sizes=\"auto, (max-width: 600px) 100vw, 600px\" \/><figcaption id=\"caption-attachment-9991\" class=\"wp-caption-text\">Bildquelle: \u00a9 SIHH 2018<\/figcaption><\/figure>\n<p style=\"text-align: justify;\">Zum andern hielt die Marke auch f\u00fcr Taucher eine \u00dcberraschung bereit. Die Diver Deep Dive ist nicht nur \u00e4u\u00dferst robust, funktional und sportlich, sondern widersteht auch extremen Umweltbedingungen. Sie ist bis zu einem Druck von 100 Bar beziehungsweise 1.000 Metern wasserdicht, was etwa f\u00fcnfmal so viel ist wie bei einer herk\u00f6mmlichen Taucheruhr. Auf den ersten Blick sind diesem Modell seine Qualit\u00e4ten jedoch nicht gleich anzusehen, denn statt gewohnter Taucheruhren-Optik \u00fcberrascht es mit einem geradezu avantgardistischen Design.<\/p>\n<figure id=\"attachment_9993\" aria-describedby=\"caption-attachment-9993\" style=\"width: 600px\" class=\"wp-caption aligncenter\"><img loading=\"lazy\" decoding=\"async\" class=\"wp-image-9993 size-full\" title=\"Ulysse Nardin pr\u00e4sentiert #FREAKMEOUT im SIHH 2018\" src=\"https:\/\/www.uhrinstinkt.de\/magazin\/wp-content\/uploads\/2018\/01\/Ulysse-Nardin-Freak-Me-Out-SIHH-2018.jpg\" alt=\"Ulysse Nardin Freak Me Out SIHH 2018\" width=\"600\" height=\"400\" srcset=\"https:\/\/www.uhrinstinkt.de\/magazin\/wp-content\/uploads\/2018\/01\/Ulysse-Nardin-Freak-Me-Out-SIHH-2018.jpg 600w, https:\/\/www.uhrinstinkt.de\/magazin\/wp-content\/uploads\/2018\/01\/Ulysse-Nardin-Freak-Me-Out-SIHH-2018-300x200.jpg 300w\" sizes=\"auto, (max-width: 600px) 100vw, 600px\" \/><figcaption id=\"caption-attachment-9993\" class=\"wp-caption-text\">Bildquelle: \u00a9 SIHH 2018<\/figcaption><\/figure>\n","protected":false},"excerpt":{"rendered":"<p>Der Salon de la Haute Horlogerie (SIHH) in Genf ist jeweils die erste bedeutende internationale Uhrenfachmesse im Jahr und daher ein wichtiges Trendbarometer f\u00fcr die gesamte Uhrenindustrie. Vom 15. bis zum 19. Januar 2018 fand die exklusive Branchenschau bereits zum 28. Mal statt. Im Vergleich zum Vorjahr waren dabei einige Neuerungen festzustellen. Mehr Aussteller und &hellip;<\/p>\n","protected":false},"author":1,"featured_media":10001,"comment_status":"closed","ping_status":"open","sticky":false,"template":"","format":"standard","meta":{"footnotes":""},"categories":[11],"tags":[538,136,126,537,72,47],"class_list":["post-9958","post","type-post","status-publish","format-standard","has-post-thumbnail","hentry","category-neuheiten-szene","tag-538","tag-girard-perregaux","tag-luxusuhren","tag-sihh","tag-uhrentrends","tag-ulysse-nardin"],"yoast_head":"<!-- This site is optimized with the Yoast SEO plugin v22.5 - https:\/\/yoast.com\/wordpress\/plugins\/seo\/ -->\n<title>SIHH 2018 ein Blick auf die neuesten Luxusuhren-Trends - Uhrinstinkt Magazin<\/title>\n<meta name=\"description\" content=\"Das Uhrinstinkt Magazin berichtet vom traditionellen Start des Uhrenjahres auf dem SIHH in Genf! Wir berichten von Premieren \u2714 Neuheiten \u2714 Trends 2018 \u2714\" \/>\n<meta name=\"robots\" content=\"index, follow, max-snippet:-1, max-image-preview:large, max-video-preview:-1\" \/>\n<link rel=\"canonical\" href=\"https:\/\/www.uhrinstinkt.de\/magazin\/sihh-2018-luxusuhren-trends\/\" \/>\n<meta property=\"og:locale\" content=\"de_DE\" \/>\n<meta property=\"og:type\" content=\"article\" \/>\n<meta property=\"og:title\" content=\"SIHH 2018 ein Blick auf die neuesten Luxusuhren-Trends - Uhrinstinkt Magazin\" \/>\n<meta property=\"og:description\" content=\"Das Uhrinstinkt Magazin berichtet vom traditionellen Start des Uhrenjahres auf dem SIHH in Genf! Wir berichten von Premieren \u2714 Neuheiten \u2714 Trends 2018 \u2714\" \/>\n<meta property=\"og:url\" content=\"https:\/\/www.uhrinstinkt.de\/magazin\/sihh-2018-luxusuhren-trends\/\" \/>\n<meta property=\"og:site_name\" content=\"Uhrinstinkt Magazin\" \/>\n<meta property=\"article:publisher\" content=\"https:\/\/www.facebook.com\/uhrinstinkt.de\" \/>\n<meta property=\"article:published_time\" content=\"2018-01-22T15:08:37+00:00\" \/>\n<meta property=\"article:modified_time\" content=\"2018-01-22T16:42:42+00:00\" \/>\n<meta property=\"og:image\" content=\"https:\/\/www.uhrinstinkt.de\/magazin\/wp-content\/uploads\/2018\/01\/SIHH-2018-ein-Blick-auf-die-neuesten-Luxusuhren-Trends.jpg\" \/>\n\t<meta property=\"og:image:width\" content=\"1000\" \/>\n\t<meta property=\"og:image:height\" content=\"436\" \/>\n\t<meta property=\"og:image:type\" content=\"image\/jpeg\" \/>\n<meta name=\"author\" content=\"Admin\" \/>\n<meta name=\"twitter:card\" content=\"summary_large_image\" \/>\n<meta name=\"twitter:creator\" content=\"@uhrinstinkt\" \/>\n<meta name=\"twitter:site\" content=\"@uhrinstinkt\" \/>\n<meta name=\"twitter:label1\" content=\"Verfasst von\" \/>\n\t<meta name=\"twitter:data1\" content=\"Admin\" \/>\n\t<meta name=\"twitter:label2\" content=\"Gesch\u00e4tzte Lesezeit\" \/>\n\t<meta name=\"twitter:data2\" content=\"5\u00a0Minuten\" \/>\n<script type=\"application\/ld+json\" class=\"yoast-schema-graph\">{\"@context\":\"https:\/\/schema.org\",\"@graph\":[{\"@type\":\"Article\",\"@id\":\"https:\/\/www.uhrinstinkt.de\/magazin\/sihh-2018-luxusuhren-trends\/#article\",\"isPartOf\":{\"@id\":\"https:\/\/www.uhrinstinkt.de\/magazin\/sihh-2018-luxusuhren-trends\/\"},\"author\":{\"name\":\"Admin\",\"@id\":\"https:\/\/www.uhrinstinkt.de\/magazin\/#\/schema\/person\/960ff76add8c05a574d3c3a6800c6965\"},\"headline\":\"SIHH 2018 ein Blick auf die neuesten Luxusuhren-Trends\",\"datePublished\":\"2018-01-22T15:08:37+00:00\",\"dateModified\":\"2018-01-22T16:42:42+00:00\",\"mainEntityOfPage\":{\"@id\":\"https:\/\/www.uhrinstinkt.de\/magazin\/sihh-2018-luxusuhren-trends\/\"},\"wordCount\":927,\"publisher\":{\"@id\":\"https:\/\/www.uhrinstinkt.de\/magazin\/#organization\"},\"image\":{\"@id\":\"https:\/\/www.uhrinstinkt.de\/magazin\/sihh-2018-luxusuhren-trends\/#primaryimage\"},\"thumbnailUrl\":\"https:\/\/www.uhrinstinkt.de\/magazin\/wp-content\/uploads\/2018\/01\/SIHH-2018-ein-Blick-auf-die-neuesten-Luxusuhren-Trends.jpg\",\"keywords\":[\"2018\",\"Girard Perregaux\",\"Luxusuhren\",\"SIHH\",\"Uhrentrends\",\"Ulysse Nardin\"],\"articleSection\":[\"Neuheiten &amp; Szene\"],\"inLanguage\":\"de\"},{\"@type\":\"WebPage\",\"@id\":\"https:\/\/www.uhrinstinkt.de\/magazin\/sihh-2018-luxusuhren-trends\/\",\"url\":\"https:\/\/www.uhrinstinkt.de\/magazin\/sihh-2018-luxusuhren-trends\/\",\"name\":\"SIHH 2018 ein Blick auf die neuesten Luxusuhren-Trends - Uhrinstinkt Magazin\",\"isPartOf\":{\"@id\":\"https:\/\/www.uhrinstinkt.de\/magazin\/#website\"},\"primaryImageOfPage\":{\"@id\":\"https:\/\/www.uhrinstinkt.de\/magazin\/sihh-2018-luxusuhren-trends\/#primaryimage\"},\"image\":{\"@id\":\"https:\/\/www.uhrinstinkt.de\/magazin\/sihh-2018-luxusuhren-trends\/#primaryimage\"},\"thumbnailUrl\":\"https:\/\/www.uhrinstinkt.de\/magazin\/wp-content\/uploads\/2018\/01\/SIHH-2018-ein-Blick-auf-die-neuesten-Luxusuhren-Trends.jpg\",\"datePublished\":\"2018-01-22T15:08:37+00:00\",\"dateModified\":\"2018-01-22T16:42:42+00:00\",\"description\":\"Das Uhrinstinkt Magazin berichtet vom traditionellen Start des Uhrenjahres auf dem SIHH in Genf! Wir berichten von Premieren \u2714 Neuheiten \u2714 Trends 2018 \u2714\",\"breadcrumb\":{\"@id\":\"https:\/\/www.uhrinstinkt.de\/magazin\/sihh-2018-luxusuhren-trends\/#breadcrumb\"},\"inLanguage\":\"de\",\"potentialAction\":[{\"@type\":\"ReadAction\",\"target\":[\"https:\/\/www.uhrinstinkt.de\/magazin\/sihh-2018-luxusuhren-trends\/\"]}]},{\"@type\":\"ImageObject\",\"inLanguage\":\"de\",\"@id\":\"https:\/\/www.uhrinstinkt.de\/magazin\/sihh-2018-luxusuhren-trends\/#primaryimage\",\"url\":\"https:\/\/www.uhrinstinkt.de\/magazin\/wp-content\/uploads\/2018\/01\/SIHH-2018-ein-Blick-auf-die-neuesten-Luxusuhren-Trends.jpg\",\"contentUrl\":\"https:\/\/www.uhrinstinkt.de\/magazin\/wp-content\/uploads\/2018\/01\/SIHH-2018-ein-Blick-auf-die-neuesten-Luxusuhren-Trends.jpg\",\"width\":1000,\"height\":436,\"caption\":\"Bildquelle: \u00a9 SIHH 2018\"},{\"@type\":\"BreadcrumbList\",\"@id\":\"https:\/\/www.uhrinstinkt.de\/magazin\/sihh-2018-luxusuhren-trends\/#breadcrumb\",\"itemListElement\":[{\"@type\":\"ListItem\",\"position\":1,\"name\":\"Home\",\"item\":\"https:\/\/www.uhrinstinkt.de\/magazin\/\"},{\"@type\":\"ListItem\",\"position\":2,\"name\":\"SIHH 2018 ein Blick auf die neuesten Luxusuhren-Trends\"}]},{\"@type\":\"WebSite\",\"@id\":\"https:\/\/www.uhrinstinkt.de\/magazin\/#website\",\"url\":\"https:\/\/www.uhrinstinkt.de\/magazin\/\",\"name\":\"Uhrinstinkt Magazin\",\"description\":\"\",\"publisher\":{\"@id\":\"https:\/\/www.uhrinstinkt.de\/magazin\/#organization\"},\"potentialAction\":[{\"@type\":\"SearchAction\",\"target\":{\"@type\":\"EntryPoint\",\"urlTemplate\":\"https:\/\/www.uhrinstinkt.de\/magazin\/?s={search_term_string}\"},\"query-input\":\"required name=search_term_string\"}],\"inLanguage\":\"de\"},{\"@type\":\"Organization\",\"@id\":\"https:\/\/www.uhrinstinkt.de\/magazin\/#organization\",\"name\":\"Prestige Luxusuhren GmbH\",\"url\":\"https:\/\/www.uhrinstinkt.de\/magazin\/\",\"logo\":{\"@type\":\"ImageObject\",\"inLanguage\":\"de\",\"@id\":\"https:\/\/www.uhrinstinkt.de\/magazin\/#\/schema\/logo\/image\/\",\"url\":\"https:\/\/www.uhrinstinkt.de\/magazin\/wp-content\/uploads\/2019\/05\/logo-final-rev.png\",\"contentUrl\":\"https:\/\/www.uhrinstinkt.de\/magazin\/wp-content\/uploads\/2019\/05\/logo-final-rev.png\",\"width\":250,\"height\":50,\"caption\":\"Prestige Luxusuhren GmbH\"},\"image\":{\"@id\":\"https:\/\/www.uhrinstinkt.de\/magazin\/#\/schema\/logo\/image\/\"},\"sameAs\":[\"https:\/\/www.facebook.com\/uhrinstinkt.de\",\"https:\/\/x.com\/uhrinstinkt\",\"http:\/\/www.instagram.com\/uhrinstinkt\/\",\"http:\/\/www.youtube.com\/user\/uhrinstinkt\"]},{\"@type\":\"Person\",\"@id\":\"https:\/\/www.uhrinstinkt.de\/magazin\/#\/schema\/person\/960ff76add8c05a574d3c3a6800c6965\",\"name\":\"Admin\",\"image\":{\"@type\":\"ImageObject\",\"inLanguage\":\"de\",\"@id\":\"https:\/\/www.uhrinstinkt.de\/magazin\/#\/schema\/person\/image\/\",\"url\":\"https:\/\/secure.gravatar.com\/avatar\/a3449097ee9ad77b44f6829fd27ae4c26aee898e18298af72c8ad7de714c38ec?s=96&d=mm&r=g\",\"contentUrl\":\"https:\/\/secure.gravatar.com\/avatar\/a3449097ee9ad77b44f6829fd27ae4c26aee898e18298af72c8ad7de714c38ec?s=96&d=mm&r=g\",\"caption\":\"Admin\"}}]}<\/script>\n<!-- \/ Yoast SEO plugin. -->","yoast_head_json":{"title":"SIHH 2018 ein Blick auf die neuesten Luxusuhren-Trends - Uhrinstinkt Magazin","description":"Das Uhrinstinkt Magazin berichtet vom traditionellen Start des Uhrenjahres auf dem SIHH in Genf! Wir berichten von Premieren \u2714 Neuheiten \u2714 Trends 2018 \u2714","robots":{"index":"index","follow":"follow","max-snippet":"max-snippet:-1","max-image-preview":"max-image-preview:large","max-video-preview":"max-video-preview:-1"},"canonical":"https:\/\/www.uhrinstinkt.de\/magazin\/sihh-2018-luxusuhren-trends\/","og_locale":"de_DE","og_type":"article","og_title":"SIHH 2018 ein Blick auf die neuesten Luxusuhren-Trends - Uhrinstinkt Magazin","og_description":"Das Uhrinstinkt Magazin berichtet vom traditionellen Start des Uhrenjahres auf dem SIHH in Genf! Wir berichten von Premieren \u2714 Neuheiten \u2714 Trends 2018 \u2714","og_url":"https:\/\/www.uhrinstinkt.de\/magazin\/sihh-2018-luxusuhren-trends\/","og_site_name":"Uhrinstinkt Magazin","article_publisher":"https:\/\/www.facebook.com\/uhrinstinkt.de","article_published_time":"2018-01-22T15:08:37+00:00","article_modified_time":"2018-01-22T16:42:42+00:00","og_image":[{"width":1000,"height":436,"url":"https:\/\/www.uhrinstinkt.de\/magazin\/wp-content\/uploads\/2018\/01\/SIHH-2018-ein-Blick-auf-die-neuesten-Luxusuhren-Trends.jpg","type":"image\/jpeg"}],"author":"Admin","twitter_card":"summary_large_image","twitter_creator":"@uhrinstinkt","twitter_site":"@uhrinstinkt","twitter_misc":{"Verfasst von":"Admin","Gesch\u00e4tzte Lesezeit":"5\u00a0Minuten"},"schema":{"@context":"https:\/\/schema.org","@graph":[{"@type":"Article","@id":"https:\/\/www.uhrinstinkt.de\/magazin\/sihh-2018-luxusuhren-trends\/#article","isPartOf":{"@id":"https:\/\/www.uhrinstinkt.de\/magazin\/sihh-2018-luxusuhren-trends\/"},"author":{"name":"Admin","@id":"https:\/\/www.uhrinstinkt.de\/magazin\/#\/schema\/person\/960ff76add8c05a574d3c3a6800c6965"},"headline":"SIHH 2018 ein Blick auf die neuesten Luxusuhren-Trends","datePublished":"2018-01-22T15:08:37+00:00","dateModified":"2018-01-22T16:42:42+00:00","mainEntityOfPage":{"@id":"https:\/\/www.uhrinstinkt.de\/magazin\/sihh-2018-luxusuhren-trends\/"},"wordCount":927,"publisher":{"@id":"https:\/\/www.uhrinstinkt.de\/magazin\/#organization"},"image":{"@id":"https:\/\/www.uhrinstinkt.de\/magazin\/sihh-2018-luxusuhren-trends\/#primaryimage"},"thumbnailUrl":"https:\/\/www.uhrinstinkt.de\/magazin\/wp-content\/uploads\/2018\/01\/SIHH-2018-ein-Blick-auf-die-neuesten-Luxusuhren-Trends.jpg","keywords":["2018","Girard Perregaux","Luxusuhren","SIHH","Uhrentrends","Ulysse Nardin"],"articleSection":["Neuheiten &amp; Szene"],"inLanguage":"de"},{"@type":"WebPage","@id":"https:\/\/www.uhrinstinkt.de\/magazin\/sihh-2018-luxusuhren-trends\/","url":"https:\/\/www.uhrinstinkt.de\/magazin\/sihh-2018-luxusuhren-trends\/","name":"SIHH 2018 ein Blick auf die neuesten Luxusuhren-Trends - Uhrinstinkt Magazin","isPartOf":{"@id":"https:\/\/www.uhrinstinkt.de\/magazin\/#website"},"primaryImageOfPage":{"@id":"https:\/\/www.uhrinstinkt.de\/magazin\/sihh-2018-luxusuhren-trends\/#primaryimage"},"image":{"@id":"https:\/\/www.uhrinstinkt.de\/magazin\/sihh-2018-luxusuhren-trends\/#primaryimage"},"thumbnailUrl":"https:\/\/www.uhrinstinkt.de\/magazin\/wp-content\/uploads\/2018\/01\/SIHH-2018-ein-Blick-auf-die-neuesten-Luxusuhren-Trends.jpg","datePublished":"2018-01-22T15:08:37+00:00","dateModified":"2018-01-22T16:42:42+00:00","description":"Das Uhrinstinkt Magazin berichtet vom traditionellen Start des Uhrenjahres auf dem SIHH in Genf! Wir berichten von Premieren \u2714 Neuheiten \u2714 Trends 2018 \u2714","breadcrumb":{"@id":"https:\/\/www.uhrinstinkt.de\/magazin\/sihh-2018-luxusuhren-trends\/#breadcrumb"},"inLanguage":"de","potentialAction":[{"@type":"ReadAction","target":["https:\/\/www.uhrinstinkt.de\/magazin\/sihh-2018-luxusuhren-trends\/"]}]},{"@type":"ImageObject","inLanguage":"de","@id":"https:\/\/www.uhrinstinkt.de\/magazin\/sihh-2018-luxusuhren-trends\/#primaryimage","url":"https:\/\/www.uhrinstinkt.de\/magazin\/wp-content\/uploads\/2018\/01\/SIHH-2018-ein-Blick-auf-die-neuesten-Luxusuhren-Trends.jpg","contentUrl":"https:\/\/www.uhrinstinkt.de\/magazin\/wp-content\/uploads\/2018\/01\/SIHH-2018-ein-Blick-auf-die-neuesten-Luxusuhren-Trends.jpg","width":1000,"height":436,"caption":"Bildquelle: \u00a9 SIHH 2018"},{"@type":"BreadcrumbList","@id":"https:\/\/www.uhrinstinkt.de\/magazin\/sihh-2018-luxusuhren-trends\/#breadcrumb","itemListElement":[{"@type":"ListItem","position":1,"name":"Home","item":"https:\/\/www.uhrinstinkt.de\/magazin\/"},{"@type":"ListItem","position":2,"name":"SIHH 2018 ein Blick auf die neuesten Luxusuhren-Trends"}]},{"@type":"WebSite","@id":"https:\/\/www.uhrinstinkt.de\/magazin\/#website","url":"https:\/\/www.uhrinstinkt.de\/magazin\/","name":"Uhrinstinkt Magazin","description":"","publisher":{"@id":"https:\/\/www.uhrinstinkt.de\/magazin\/#organization"},"potentialAction":[{"@type":"SearchAction","target":{"@type":"EntryPoint","urlTemplate":"https:\/\/www.uhrinstinkt.de\/magazin\/?s={search_term_string}"},"query-input":"required name=search_term_string"}],"inLanguage":"de"},{"@type":"Organization","@id":"https:\/\/www.uhrinstinkt.de\/magazin\/#organization","name":"Prestige Luxusuhren GmbH","url":"https:\/\/www.uhrinstinkt.de\/magazin\/","logo":{"@type":"ImageObject","inLanguage":"de","@id":"https:\/\/www.uhrinstinkt.de\/magazin\/#\/schema\/logo\/image\/","url":"https:\/\/www.uhrinstinkt.de\/magazin\/wp-content\/uploads\/2019\/05\/logo-final-rev.png","contentUrl":"https:\/\/www.uhrinstinkt.de\/magazin\/wp-content\/uploads\/2019\/05\/logo-final-rev.png","width":250,"height":50,"caption":"Prestige Luxusuhren GmbH"},"image":{"@id":"https:\/\/www.uhrinstinkt.de\/magazin\/#\/schema\/logo\/image\/"},"sameAs":["https:\/\/www.facebook.com\/uhrinstinkt.de","https:\/\/x.com\/uhrinstinkt","http:\/\/www.instagram.com\/uhrinstinkt\/","http:\/\/www.youtube.com\/user\/uhrinstinkt"]},{"@type":"Person","@id":"https:\/\/www.uhrinstinkt.de\/magazin\/#\/schema\/person\/960ff76add8c05a574d3c3a6800c6965","name":"Admin","image":{"@type":"ImageObject","inLanguage":"de","@id":"https:\/\/www.uhrinstinkt.de\/magazin\/#\/schema\/person\/image\/","url":"https:\/\/secure.gravatar.com\/avatar\/a3449097ee9ad77b44f6829fd27ae4c26aee898e18298af72c8ad7de714c38ec?s=96&d=mm&r=g","contentUrl":"https:\/\/secure.gravatar.com\/avatar\/a3449097ee9ad77b44f6829fd27ae4c26aee898e18298af72c8ad7de714c38ec?s=96&d=mm&r=g","caption":"Admin"}}]}},"_links":{"self":[{"href":"https:\/\/www.uhrinstinkt.de\/magazin\/wp-json\/wp\/v2\/posts\/9958","targetHints":{"allow":["GET"]}}],"collection":[{"href":"https:\/\/www.uhrinstinkt.de\/magazin\/wp-json\/wp\/v2\/posts"}],"about":[{"href":"https:\/\/www.uhrinstinkt.de\/magazin\/wp-json\/wp\/v2\/types\/post"}],"author":[{"embeddable":true,"href":"https:\/\/www.uhrinstinkt.de\/magazin\/wp-json\/wp\/v2\/users\/1"}],"replies":[{"embeddable":true,"href":"https:\/\/www.uhrinstinkt.de\/magazin\/wp-json\/wp\/v2\/comments?post=9958"}],"version-history":[{"count":40,"href":"https:\/\/www.uhrinstinkt.de\/magazin\/wp-json\/wp\/v2\/posts\/9958\/revisions"}],"predecessor-version":[{"id":10008,"href":"https:\/\/www.uhrinstinkt.de\/magazin\/wp-json\/wp\/v2\/posts\/9958\/revisions\/10008"}],"wp:featuredmedia":[{"embeddable":true,"href":"https:\/\/www.uhrinstinkt.de\/magazin\/wp-json\/wp\/v2\/media\/10001"}],"wp:attachment":[{"href":"https:\/\/www.uhrinstinkt.de\/magazin\/wp-json\/wp\/v2\/media?parent=9958"}],"wp:term":[{"taxonomy":"category","embeddable":true,"href":"https:\/\/www.uhrinstinkt.de\/magazin\/wp-json\/wp\/v2\/categories?post=9958"},{"taxonomy":"post_tag","embeddable":true,"href":"https:\/\/www.uhrinstinkt.de\/magazin\/wp-json\/wp\/v2\/tags?post=9958"}],"curies":[{"name":"wp","href":"https:\/\/api.w.org\/{rel}","templated":true}]}}