{"id":33903,"date":"2023-02-01T10:00:47","date_gmt":"2023-02-01T09:00:47","guid":{"rendered":"https:\/\/www.uhrinstinkt.de\/magazin\/?p=33903"},"modified":"2023-08-21T16:13:31","modified_gmt":"2023-08-21T14:13:31","slug":"tag-heuer-carrera-gold-schwarz","status":"publish","type":"post","link":"https:\/\/www.uhrinstinkt.de\/magazin\/tag-heuer-carrera-gold-schwarz\/","title":{"rendered":"Tag Heuer Carrera Gold-Schwarz"},"content":{"rendered":"<h2>\u00abNeue, goldene Sportlichkeit f\u00fcr das Handgelenk\u00bb<\/h2>\n<p style=\"text-align: justify;\"><strong>Tag Heuer erstrahlt zum Jahresbeginn 2023 von seiner luxuri\u00f6sen Seite und zeigt eine 18-kar\u00e4tige Goldversion der Carrera. Inspiriert von der prominenten Referenz 1158 CHN aus dem Jahr 1970, zeichnet sich das gediegene Rennsport-Modell durch eine schwarz-goldene Farbkombination aus und wird vom hauseigenen Chronographenwerk Heuer 02 befeuert. Auch andere Versionen der Carrera pr\u00e4sentieren Gold von seiner sportlichsten Seite.<\/strong><\/p>\n<h2>N\u00e4chste Evolutionsstufe der goldenen Carreras<\/h2>\n<p style=\"text-align: justify;\">Die erste <a href=\"https:\/\/www.uhrinstinkt.de\/uhr-kaufen\/tag-heuer\/carrera\/\">Tag Heuer Carrera<\/a> entsteht im Jahr 1963: Benannt nach dem halsbrecherischen Stra\u00dfenrennen Carrera Panamericana in Mexiko, betont sie Tag Heuers enge Verbindung zum Motorsport und erscheint in den nachfolgenden sechs Jahrzehnten in einer gewaltigen Modellvielfalt. Einen besonderen Stellenwert genie\u00dfen seit jeher die Goldmodelle der Motorsportuhr, deren Geburtsstunde 1970 mit der Referenz 1158 CHN schl\u00e4gt. Feines Edelmetall trifft kompromissloses Racing \u2013 was zun\u00e4chst nach einem Widerspruch klingt, entpuppt sich in der Fangemeinde als hei\u00dfbegehrte Symbiose. Das historische Modell sticht sofort ins Auge: Nicht nur ihre Mischung aus strahlendem Gelbgold und zwei schwarzen Totalisatoren, sondern auch die linksseitige Krone sichert der 1158 CHN maximalen Wiedererkennungswert.<\/p>\n<p><img loading=\"lazy\" decoding=\"async\" class=\"aligncenter wp-image-33910 \" title=\"Heuer Carrera von 1964\" src=\"https:\/\/www.uhrinstinkt.de\/magazin\/wp-content\/uploads\/2025\/01\/Heuer_Carrera_1964.jpg\" alt=\"Heuer Carrera von 1964\" width=\"413\" height=\"438\" srcset=\"https:\/\/www.uhrinstinkt.de\/magazin\/wp-content\/uploads\/2025\/01\/Heuer_Carrera_1964.jpg 665w, https:\/\/www.uhrinstinkt.de\/magazin\/wp-content\/uploads\/2025\/01\/Heuer_Carrera_1964-283x300.jpg 283w\" sizes=\"auto, (max-width: 413px) 100vw, 413px\" \/><\/p>\n<p style=\"text-align: justify;\">2022 erweckt <a href=\"https:\/\/www.uhrinstinkt.de\/uhr-kaufen\/tag-heuer\/\">Tag Heuer<\/a> die Carrera in Gold und Schwarz zu neuem Leben, kehrt die Farbverh\u00e4ltnisse jedoch um: Zwar bleibt das sonnige Strahlen des Gelbgoldgeh\u00e4uses erhalten, doch im Zifferblatt dominieren jetzt goldene Akzente auf schwarzem Grund. Wer rund den vierfachen Preis einer st\u00e4hlernen Carrera mit Manufakturwerk bezahlt, sp\u00fcrt im Gegensatz zu &#8220;sterblichen&#8221; Modellen des Chronographen vor allem das Gewichtsplus des moderat dimensionierten 42-Millimeter-Geh\u00e4uses.<\/p>\n<div class=\"BorlabsCookie _brlbs-cb-youtube\"><div class=\"_brlbs-content-blocker\"> <div class=\"_brlbs-embed _brlbs-video-youtube\"> <img class=\"_brlbs-thumbnail\" src=\"https:\/\/www.uhrinstinkt.de\/magazin\/wp-content\/plugins\/borlabs-cookie\/assets\/images\/cb-no-thumbnail.png\" alt=\"YouTube\"> <div class=\"_brlbs-caption\"> <p>Mit dem Laden des Videos akzeptieren Sie die Datenschutzerkl\u00e4rung von YouTube.<br><a href=\"https:\/\/policies.google.com\/privacy\" target=\"_blank\" rel=\"nofollow noopener noreferrer\">Mehr erfahren<\/a><\/p> <p><a class=\"_brlbs-btn _brlbs-icon-play-white\" href=\"#\" data-borlabs-cookie-unblock role=\"button\">Video laden<\/a><\/p> <p><label><input type=\"checkbox\" name=\"unblockAll\" value=\"1\" checked> <small>YouTube immer entsperren<\/small><\/label><\/p> <\/div> <\/div> <\/div><div class=\"borlabs-hide\" data-borlabs-cookie-type=\"content-blocker\" data-borlabs-cookie-id=\"youtube\"><script type=\"text\/template\">PHA+PGlmcmFtZSBsb2FkaW5nPSJsYXp5IiB0aXRsZT0iVEFHIEhldWVyIHwgNTAgeWVhcnMgb2YgQ2FycmVyYSAtIFdoYXQgd2FzIHlvdXIgaW5zcGlyYXRpb24gPyIgc3JjPSJodHRwczovL3d3dy55b3V0dWJlLW5vY29va2llLmNvbS9lbWJlZC9nS2s3bzd1OEZvVSIgd2lkdGg9IjYyNCIgaGVpZ2h0PSIzNjAiIGZyYW1lYm9yZGVyPSIwIiBhbGxvd2Z1bGxzY3JlZW49ImFsbG93ZnVsbHNjcmVlbiI+PC9pZnJhbWU+PC9wPg==<\/script><\/div><\/div>\n<h2>Nobler Auftritt: Harmonie statt Protz<\/h2>\n<p style=\"text-align: justify;\">Nach seinem modischen H\u00f6hepunkt in den 1980er- und 90er-Jahren erlangte Gelbgold in der Uhrenwelt einen zweifelhaften Ruf. Von kritischen Stimmen als protzig und kitschig bezeichnet, musste es schrittweise dem dezenteren Rotgold weichen und leidet bis heute unter dem Image einer hochgl\u00e4nzenden Angeberei am Handgelenk. Der neuen Tag Heuer Carrera in Schwarz und Gold gelingt es, der angekratzten Reputation des Werkstoffes einen echten Boost zu verleihen. Vor allem im Zifferblatt, dessen Basis eine schwarze Platte mit geb\u00fcrstetem Sonnenschliff markiert, stellt die Schweizer Luxusmarke den zug\u00e4nglichen und eleganten Charakter des Gelbgoldes stilvoll unter Beweis.<\/p>\n<p><a href=\"https:\/\/www.uhrinstinkt.de\/tag-heuer-carrera-calibre-heuer-02-automatik-chronograph-44mm-cbn2a5a.fc6481-plx501052.html\"><img loading=\"lazy\" decoding=\"async\" class=\"aligncenter wp-image-33929 size-full\" title=\"Tag Heuer Carrera Calibre HEUER 02 Automatik Chronograph 44mm in der Version CBN2A5A.FC6481\" src=\"https:\/\/www.uhrinstinkt.de\/magazin\/wp-content\/uploads\/2025\/01\/CBN2A5A-FC6481-PLX501052.jpg\" alt=\"Tag Heuer Carrera Calibre HEUER 02 Automatik Chronograph 44mm in der Version CBN2A5A.FC6481\" width=\"620\" height=\"517\" srcset=\"https:\/\/www.uhrinstinkt.de\/magazin\/wp-content\/uploads\/2025\/01\/CBN2A5A-FC6481-PLX501052.jpg 620w, https:\/\/www.uhrinstinkt.de\/magazin\/wp-content\/uploads\/2025\/01\/CBN2A5A-FC6481-PLX501052-300x250.jpg 300w\" sizes=\"auto, (max-width: 620px) 100vw, 620px\" \/><\/a><\/p>\n<p style=\"text-align: justify;\">Gekennzeichnet durch ein schickes Trikompax-Layout mit 30-Minuten-Z\u00e4hler auf drei, kleiner Sekunde bei sechs und 12-Stunden-Skala auf neun Uhr, begeistert der Schwarz-Gold-Look durch seine gelassene Symmetrie, die sogar in der mittigen Positionierung des Datumsfensters repr\u00e4sentiert ist. Eyecatcher sind die zwei komplett vergoldeten Totalisatoren, die mit einer deutlichen Vertiefung ins Zifferblatt eingelassen sind. Gegens\u00e4tzlich verh\u00e4lt sich der Zifferblattrand, der von einem H\u00f6henring inklusive 60-Minuten-Skala gepr\u00e4gt ist. Die Lesbarkeit des zweifarbigen Spektrums ist exzellent: Die mit 18-kar\u00e4tigem Gelbgold plattierten, polierten Zeiger und Indizes heben sich kontrastreich vom Hintergrund ab. Stunden- und Minutenzeiger tragen zudem Leuchtmasse.<\/p>\n<div class=\"BorlabsCookie _brlbs-cb-youtube\"><div class=\"_brlbs-content-blocker\"> <div class=\"_brlbs-embed _brlbs-video-youtube\"> <img class=\"_brlbs-thumbnail\" src=\"https:\/\/www.uhrinstinkt.de\/magazin\/wp-content\/plugins\/borlabs-cookie\/assets\/images\/cb-no-thumbnail.png\" alt=\"YouTube\"> <div class=\"_brlbs-caption\"> <p>Mit dem Laden des Videos akzeptieren Sie die Datenschutzerkl\u00e4rung von YouTube.<br><a href=\"https:\/\/policies.google.com\/privacy\" target=\"_blank\" rel=\"nofollow noopener noreferrer\">Mehr erfahren<\/a><\/p> <p><a class=\"_brlbs-btn _brlbs-icon-play-white\" href=\"#\" data-borlabs-cookie-unblock role=\"button\">Video laden<\/a><\/p> <p><label><input type=\"checkbox\" name=\"unblockAll\" value=\"1\" checked> <small>YouTube immer entsperren<\/small><\/label><\/p> <\/div> <\/div> <\/div><div class=\"borlabs-hide\" data-borlabs-cookie-type=\"content-blocker\" data-borlabs-cookie-id=\"youtube\"><script type=\"text\/template\">PHA+PGlmcmFtZSBsb2FkaW5nPSJsYXp5IiB0aXRsZT0iVEFHIEhldWVyIENhcnJlcmEgeCBQb3JzY2hlIExpbWl0ZWQgRWRpdGlvbiIgc3JjPSJodHRwczovL3d3dy55b3V0dWJlLW5vY29va2llLmNvbS9lbWJlZC90V2xGLWtyRHQySSIgd2lkdGg9IjYyNCIgaGVpZ2h0PSI0MjAiIGZyYW1lYm9yZGVyPSIwIiBhbGxvd2Z1bGxzY3JlZW49ImFsbG93ZnVsbHNjcmVlbiI+PC9pZnJhbWU+PC9wPg==<\/script><\/div><\/div>\n<h2>Manufakturwerk Heuer 02: Automatische Power par excellence<\/h2>\n<p style=\"text-align: justify;\">Dass praktische Erw\u00e4gungen trotz der luxuri\u00f6sen Positionierung der neuen Herrenuhr in Gold und Schwarz nicht vernachl\u00e4ssigt wurden, demonstrieren zudem die 100 Meter Wasserdichtigkeit der hochklassigen Carrera. Saphirglas kann der stolze Besitzer auf beiden Seiten des Geh\u00e4uses bewundern, von denen der Boden freie Sicht auf das Herz des Chronographen erm\u00f6glicht. Zum Einsatz kommt das vielfach gelobte Manufakturwerk Heuer 02, dem seine Designer aus La Chaux-de-Fonds gem\u00e4\u00df des Farbschemas einen schwarzen Aufzugsrotor beschert haben. Letzterer ist skelettiert, um die Mechanik m\u00f6glichst gro\u00dffl\u00e4chig freizulegen. Klare Highlights des Antriebs stellen seine 80 Stunden Gangreserve, das S\u00e4ulenrad und die vertikale Kupplung dar, um Zeitmessungen in hoher Pr\u00e4zision durchf\u00fchren zu k\u00f6nnen. Am schwarzen Alligatorband mit klassischer Dornschlie\u00dfe in Gelbgold geliefert, \u00fcberschreitet die neue <a href=\"https:\/\/www.uhrinstinkt.de\/uhr-kaufen\/tag-heuer\/carrera\/automatik-chronograph\/calibre-heuer-02\/\">Heuer 02 Carrera Armbanduhr<\/a> in Gold und Schwarz (Ref. CBN2044.FC8313) knapp den Herstellerpreis von 20.000 Euro.<\/p>\n<h2>Schwarz-Gold-Automatik-Chronograph 45mm<\/h2>\n<p style=\"text-align: justify;\">Neben dem j\u00fcngst pr\u00e4sentierten Calibre HEUER 02 Automatik Chronograph 45mm in Schwarz und Gold h\u00e4lt die aktuelle Carrera Linie weitere Highlights aus dem Edelmetall der K\u00f6nige bereit. Wer den progressiven, in typischer Tag-Heuer-Sportlichkeit gehaltenen Skeleton-Look des Schweizer Herstellers bevorzugt und vor 45 Millimetern Durchmesser nicht zur\u00fcckschreckt, sollte die Ref. CBG2A51.FC6450 ins Visier nehmen: Durchs Zifferblatt er\u00f6ffnet sie freie Sicht auf dasselbe Automatikwerk Heuer 02 wie im Newcomer, ist durch die Paarung von Edelstahl und Gold jedoch erschwinglicher. So verf\u00fcgt das Geh\u00e4use-Mittelteil lediglich \u00fcber eine goldene PVD-Beschichtung, w\u00e4hrend L\u00fcnette und Krone des 100 Meter wasserdichten Hinguckers in 18 Karat gehalten sind. Das Gesamtbild des Zeitstoppers strotzt nicht nur wegen seiner enormen Ausma\u00dfe vor Performance: Von der Tachymeter-Skala auf der L\u00fcnette bis zur schwebenden \u00c4sthetik der Totalisatoren-Ringe erinnert die Super-Uhr an den Motorraum eines Rennwagens. Dunkle PVD-Beschichtungen am Geh\u00e4use und ein schwarzes Alligatorband meistern den zweifarbigen Spagat.<\/p>\n<p><a href=\"https:\/\/www.uhrinstinkt.de\/tag-heuer-carrera-calibre-heuer-02-automatik-chronograph-45mm-cbg2a51.fc6450.html\"><img loading=\"lazy\" decoding=\"async\" class=\"aligncenter wp-image-33916 \" title=\"Tag Heuer Carrera Calibre HEUER 02 Automatik Chronograph 45mm in der Version CBG2A51.FC6450\" src=\"https:\/\/www.uhrinstinkt.de\/magazin\/wp-content\/uploads\/2025\/01\/Tag-Heuer-CBG2A51-FC6450.jpg\" alt=\"Tag Heuer Carrera Calibre HEUER 02 Automatik Chronograph 45mm in der Version CBG2A51.FC6450\" width=\"348\" height=\"567\" srcset=\"https:\/\/www.uhrinstinkt.de\/magazin\/wp-content\/uploads\/2025\/01\/Tag-Heuer-CBG2A51-FC6450.jpg 368w, https:\/\/www.uhrinstinkt.de\/magazin\/wp-content\/uploads\/2025\/01\/Tag-Heuer-CBG2A51-FC6450-184x300.jpg 184w\" sizes=\"auto, (max-width: 348px) 100vw, 348px\" \/><\/a><\/p>\n<h2>Mit Tourbillon: Calibre HEUER 02 T COSC Automatik Chronograph 45mm Schwarz Gold<\/h2>\n<p style=\"text-align: justify;\">Der &#8220;Tourbillon f\u00fcrs Volk&#8221;, wie die Calibre HEUER 02 T COSC aufgrund ihrer relativen Erschwinglichkeit im Vergleich zu den meisten anderen Tourbillon-Uhren genannt wird, verfolgt das schwarz-goldene Motto der Luxus-Carreras in zwei verschiedenen Looks: W\u00e4hrend die Referenz CAR5A5U.FC6377 mit ihrer schwarzen Titan-Keramikl\u00fcnette auf maximale Sportlichkeit setzt, strahlt die 18-kar\u00e4tige Ros\u00e9goldl\u00fcnette der CAR5A5V.FC6377 puren Luxus aus. Ros\u00e9 ist ein gutes Stichwort: Im Gegensatz zur neuen Carrera in Schwarz und Gelbgold sprechen die Tourbillon-Modelle jene Geschm\u00e4cker an, die w\u00e4rmere Goldt\u00f6ne bevorzugen.<\/p>\n<p><a href=\"https:\/\/www.uhrinstinkt.de\/tag-heuer-carrera-calibre-heuer-02-t-cosc-automatik-chronograph-45mm-car5a5u.fc6377.html\"><img loading=\"lazy\" decoding=\"async\" class=\"wp-image-33918 alignnone\" title=\"Tag Heuer Carrera Calibre HEUER 02 T COSC Automatik Chronograph 45mm in der Version CAR5A5U.FC6377\" src=\"https:\/\/www.uhrinstinkt.de\/magazin\/wp-content\/uploads\/2025\/01\/CAR5A5U.FC6377.jpg\" alt=\"Tag Heuer Carrera Calibre HEUER 02 T COSC Automatik Chronograph 45mm in der Version CAR5A5U.FC6377\" width=\"303\" height=\"529\" srcset=\"https:\/\/www.uhrinstinkt.de\/magazin\/wp-content\/uploads\/2025\/01\/CAR5A5U.FC6377.jpg 344w, https:\/\/www.uhrinstinkt.de\/magazin\/wp-content\/uploads\/2025\/01\/CAR5A5U.FC6377-172x300.jpg 172w\" sizes=\"auto, (max-width: 303px) 100vw, 303px\" \/><\/a> <a href=\"https:\/\/www.uhrinstinkt.de\/tag-heuer-carrera-calibre-heuer-02-t-cosc-automatik-chronograph-45mm-car5a5v.fc6377.html\"><img loading=\"lazy\" decoding=\"async\" class=\"alignnone wp-image-33919\" title=\"Tag Heuer Carrera Calibre HEUER 02 T COSC Automatik Chronograph 45mm in der Version CAR5A5V.FC6377\" src=\"https:\/\/www.uhrinstinkt.de\/magazin\/wp-content\/uploads\/2025\/01\/CAR5A5V.FC6377.jpg\" alt=\"Tag Heuer Carrera Calibre HEUER 02 T COSC Automatik Chronograph 45mm in der Version CAR5A5V.FC6377\" width=\"310\" height=\"504\" srcset=\"https:\/\/www.uhrinstinkt.de\/magazin\/wp-content\/uploads\/2025\/01\/CAR5A5V.FC6377.jpg 544w, https:\/\/www.uhrinstinkt.de\/magazin\/wp-content\/uploads\/2025\/01\/CAR5A5V.FC6377-185x300.jpg 185w\" sizes=\"auto, (max-width: 310px) 100vw, 310px\" \/><\/a><\/p>\n<p style=\"text-align: justify;\">Abgesehen von ihrer unterschiedlichen L\u00fcnette sind die High-End-Chronographen nahezu identisch: Zeitstopper und Tourbillon werden vom Manufakturwerk HEUER 02 T mit 65 Stunden Gangreserve befeuert, das in einem gro\u00dfr\u00e4umigen 45-Millimeter-Geh\u00e4use aus Titan und Ros\u00e9gold haust. Die \u00e4sthetischen Gemeinsamkeiten zur CBG2A51.FC6450 sind gro\u00df; Tachymeterskala und sportliche L\u00fcnetten-Ringe geben den Ton an. Und im Gegensatz zum Gro\u00dfteil jener Tourbillons, die in Luxus-Dresswatches von Breguet bis Blancpain verbaut sind, trifft die Super-Komplikation in der Carrera auf beachtliche 100 Meter Wasserdichtigkeit. Gravitationsausgleich mit Alltagsnutzen &#8211; die Carrera macht&#8217;s m\u00f6glich.<\/p>\n<p><img loading=\"lazy\" decoding=\"async\" class=\"aligncenter wp-image-33923\" src=\"https:\/\/www.uhrinstinkt.de\/magazin\/wp-content\/uploads\/2025\/01\/CBG2A51.FC6450-1.jpg\" alt=\"\" width=\"341\" height=\"557\" srcset=\"https:\/\/www.uhrinstinkt.de\/magazin\/wp-content\/uploads\/2025\/01\/CBG2A51.FC6450-1.jpg 400w, https:\/\/www.uhrinstinkt.de\/magazin\/wp-content\/uploads\/2025\/01\/CBG2A51.FC6450-1-184x300.jpg 184w\" sizes=\"auto, (max-width: 341px) 100vw, 341px\" \/><\/p>\n<h2>Weiblich: Carrera Quarz 36 mm<\/h2>\n<p style=\"text-align: justify;\">Sportliche Ladys mit exklusivem Geschmack kommen in der Renn-Kollektion ebenfalls auf ihre Kosten: Die Referenz WBG1350.FC6418 ist eine <a href=\"https:\/\/www.uhrinstinkt.de\/uhr-kaufen\/tag-heuer\/carrera\/quarz\/\" class=\"broken_link\">stilvolle Carrera Damenuhr in Gold und Schwarz<\/a>, die am Handgelenk durch ihren fokussierten Look begeistert. Eine kaum steigerbare Lesbarkeit trifft in der 100 Meter wasserdichten, vollwertigen Luxusuhr auf ein pr\u00e4zises Quarzwerk, das die Anschaffungskosten des PVD-beschichteten Edelstahlmodells im Vergleich zu den mechanischen Herrenmodellen merklich senkt.<\/p>\n<p><a href=\"https:\/\/www.uhrinstinkt.de\/tag-heuer-carrera-quarz-36mm-wbg1350.fc6418.html\"><img loading=\"lazy\" decoding=\"async\" class=\"aligncenter wp-image-33926\" title=\"Tag Heuer Carrera Quarz 36mm in der Version WBG1350.FC6418 aus Edelstahl mit PVD-Beschichtung und 18 K. Ros\u00e9gold\" src=\"https:\/\/www.uhrinstinkt.de\/magazin\/wp-content\/uploads\/2025\/01\/WBG1350-FC6418.jpg\" alt=\"Tag Heuer Carrera Quarz 36mm in der Version WBG1350.FC6418 aus Edelstahl mit PVD-Beschichtung und 18 K. Ros\u00e9gold\" width=\"378\" height=\"708\" srcset=\"https:\/\/www.uhrinstinkt.de\/magazin\/wp-content\/uploads\/2025\/01\/WBG1350-FC6418.jpg 450w, https:\/\/www.uhrinstinkt.de\/magazin\/wp-content\/uploads\/2025\/01\/WBG1350-FC6418-160x300.jpg 160w\" sizes=\"auto, (max-width: 378px) 100vw, 378px\" \/><\/a><\/p>\n<p style=\"text-align: justify;\">Die goldenen Akzente sind mit Bedacht gew\u00e4hlt, um glanzvolles Leben in das sonst dunkle und extrem noble Gesamtbild der Carrera zu bringen. Wer ernsthafte Instrumente mit weiblichen Dimensionen statt pinke Deko-Uhren pr\u00e4feriert, ist bei diesem Instrument schwarz-gold-richtig.<\/p>\n","protected":false},"excerpt":{"rendered":"<p>\u00abNeue, goldene Sportlichkeit f\u00fcr das Handgelenk\u00bb Tag Heuer erstrahlt zum Jahresbeginn 2023 von seiner luxuri\u00f6sen Seite und zeigt eine 18-kar\u00e4tige Goldversion der Carrera. Inspiriert von der prominenten Referenz 1158 CHN aus dem Jahr 1970, zeichnet sich das gediegene Rennsport-Modell durch eine schwarz-goldene Farbkombination aus und wird vom hauseigenen Chronographenwerk Heuer 02 befeuert. Auch andere Versionen &hellip;<\/p>\n","protected":false},"author":1,"featured_media":33913,"comment_status":"closed","ping_status":"open","sticky":false,"template":"","format":"standard","meta":{"footnotes":""},"categories":[11],"tags":[2572,2574,2573,2571,142,2565],"class_list":["post-33903","post","type-post","status-publish","format-standard","has-post-thumbnail","hentry","category-neuheiten-szene","tag-carrera-panamericana","tag-high-end-chronograph","tag-schwarz-gold-automatik","tag-sportliche-uhr","tag-tag-heuer-carrera","tag-tag-heuer-carrera-gold-schwarz"],"yoast_head":"<!-- This site is optimized with the Yoast SEO plugin v22.5 - https:\/\/yoast.com\/wordpress\/plugins\/seo\/ -->\n<title>Tag Heuer Carrera Gold-Schwarz - Uhrinstinkt Magazin<\/title>\n<meta name=\"description\" content=\"Tag Heuer zelebriert schwarz-goldene Carrera Uhren \u2714 Entdecken Sie die neue, goldene Sportlichkeit der Luxusmarke mit zahlreichen Modellen| Uhrinstinkt\" \/>\n<meta name=\"robots\" content=\"index, follow, max-snippet:-1, max-image-preview:large, max-video-preview:-1\" \/>\n<link rel=\"canonical\" href=\"https:\/\/www.uhrinstinkt.de\/magazin\/tag-heuer-carrera-gold-schwarz\/\" \/>\n<meta property=\"og:locale\" content=\"de_DE\" \/>\n<meta property=\"og:type\" content=\"article\" \/>\n<meta property=\"og:title\" content=\"Tag Heuer Carrera Gold-Schwarz - Uhrinstinkt Magazin\" \/>\n<meta property=\"og:description\" content=\"Tag Heuer zelebriert schwarz-goldene Carrera Uhren \u2714 Entdecken Sie die neue, goldene Sportlichkeit der Luxusmarke mit zahlreichen Modellen| Uhrinstinkt\" \/>\n<meta property=\"og:url\" content=\"https:\/\/www.uhrinstinkt.de\/magazin\/tag-heuer-carrera-gold-schwarz\/\" \/>\n<meta property=\"og:site_name\" content=\"Uhrinstinkt Magazin\" \/>\n<meta property=\"article:publisher\" content=\"https:\/\/www.facebook.com\/uhrinstinkt.de\" \/>\n<meta property=\"article:published_time\" content=\"2023-02-01T09:00:47+00:00\" \/>\n<meta property=\"article:modified_time\" content=\"2023-08-21T14:13:31+00:00\" \/>\n<meta property=\"og:image\" content=\"https:\/\/www.uhrinstinkt.de\/magazin\/wp-content\/uploads\/2025\/01\/Tag-Heuer-Carrera-Gold-Schwarz.jpg\" \/>\n\t<meta property=\"og:image:width\" content=\"660\" \/>\n\t<meta property=\"og:image:height\" content=\"308\" \/>\n\t<meta property=\"og:image:type\" content=\"image\/jpeg\" \/>\n<meta name=\"author\" content=\"Admin\" \/>\n<meta name=\"twitter:card\" content=\"summary_large_image\" \/>\n<meta name=\"twitter:creator\" content=\"@uhrinstinkt\" \/>\n<meta name=\"twitter:site\" content=\"@uhrinstinkt\" \/>\n<meta name=\"twitter:label1\" content=\"Verfasst von\" \/>\n\t<meta name=\"twitter:data1\" content=\"Admin\" \/>\n\t<meta name=\"twitter:label2\" content=\"Gesch\u00e4tzte Lesezeit\" \/>\n\t<meta name=\"twitter:data2\" content=\"7\u00a0Minuten\" \/>\n<script type=\"application\/ld+json\" class=\"yoast-schema-graph\">{\"@context\":\"https:\/\/schema.org\",\"@graph\":[{\"@type\":\"Article\",\"@id\":\"https:\/\/www.uhrinstinkt.de\/magazin\/tag-heuer-carrera-gold-schwarz\/#article\",\"isPartOf\":{\"@id\":\"https:\/\/www.uhrinstinkt.de\/magazin\/tag-heuer-carrera-gold-schwarz\/\"},\"author\":{\"name\":\"Admin\",\"@id\":\"https:\/\/www.uhrinstinkt.de\/magazin\/#\/schema\/person\/960ff76add8c05a574d3c3a6800c6965\"},\"headline\":\"Tag Heuer Carrera Gold-Schwarz\",\"datePublished\":\"2023-02-01T09:00:47+00:00\",\"dateModified\":\"2023-08-21T14:13:31+00:00\",\"mainEntityOfPage\":{\"@id\":\"https:\/\/www.uhrinstinkt.de\/magazin\/tag-heuer-carrera-gold-schwarz\/\"},\"wordCount\":1052,\"publisher\":{\"@id\":\"https:\/\/www.uhrinstinkt.de\/magazin\/#organization\"},\"image\":{\"@id\":\"https:\/\/www.uhrinstinkt.de\/magazin\/tag-heuer-carrera-gold-schwarz\/#primaryimage\"},\"thumbnailUrl\":\"https:\/\/www.uhrinstinkt.de\/magazin\/wp-content\/uploads\/2025\/01\/Tag-Heuer-Carrera-Gold-Schwarz.jpg\",\"keywords\":[\"Carrera Panamericana\",\"High-End-Chronograph\",\"Schwarz-Gold-Automatik\",\"sportliche Uhr\",\"Tag Heuer Carrera\",\"Tag Heuer Carrera Gold-Schwarz\"],\"articleSection\":[\"Neuheiten &amp; Szene\"],\"inLanguage\":\"de\"},{\"@type\":\"WebPage\",\"@id\":\"https:\/\/www.uhrinstinkt.de\/magazin\/tag-heuer-carrera-gold-schwarz\/\",\"url\":\"https:\/\/www.uhrinstinkt.de\/magazin\/tag-heuer-carrera-gold-schwarz\/\",\"name\":\"Tag Heuer Carrera Gold-Schwarz - Uhrinstinkt Magazin\",\"isPartOf\":{\"@id\":\"https:\/\/www.uhrinstinkt.de\/magazin\/#website\"},\"primaryImageOfPage\":{\"@id\":\"https:\/\/www.uhrinstinkt.de\/magazin\/tag-heuer-carrera-gold-schwarz\/#primaryimage\"},\"image\":{\"@id\":\"https:\/\/www.uhrinstinkt.de\/magazin\/tag-heuer-carrera-gold-schwarz\/#primaryimage\"},\"thumbnailUrl\":\"https:\/\/www.uhrinstinkt.de\/magazin\/wp-content\/uploads\/2025\/01\/Tag-Heuer-Carrera-Gold-Schwarz.jpg\",\"datePublished\":\"2023-02-01T09:00:47+00:00\",\"dateModified\":\"2023-08-21T14:13:31+00:00\",\"description\":\"Tag Heuer zelebriert schwarz-goldene Carrera Uhren \u2714 Entdecken Sie die neue, goldene Sportlichkeit der Luxusmarke mit zahlreichen Modellen| Uhrinstinkt\",\"breadcrumb\":{\"@id\":\"https:\/\/www.uhrinstinkt.de\/magazin\/tag-heuer-carrera-gold-schwarz\/#breadcrumb\"},\"inLanguage\":\"de\",\"potentialAction\":[{\"@type\":\"ReadAction\",\"target\":[\"https:\/\/www.uhrinstinkt.de\/magazin\/tag-heuer-carrera-gold-schwarz\/\"]}]},{\"@type\":\"ImageObject\",\"inLanguage\":\"de\",\"@id\":\"https:\/\/www.uhrinstinkt.de\/magazin\/tag-heuer-carrera-gold-schwarz\/#primaryimage\",\"url\":\"https:\/\/www.uhrinstinkt.de\/magazin\/wp-content\/uploads\/2025\/01\/Tag-Heuer-Carrera-Gold-Schwarz.jpg\",\"contentUrl\":\"https:\/\/www.uhrinstinkt.de\/magazin\/wp-content\/uploads\/2025\/01\/Tag-Heuer-Carrera-Gold-Schwarz.jpg\",\"width\":660,\"height\":308},{\"@type\":\"BreadcrumbList\",\"@id\":\"https:\/\/www.uhrinstinkt.de\/magazin\/tag-heuer-carrera-gold-schwarz\/#breadcrumb\",\"itemListElement\":[{\"@type\":\"ListItem\",\"position\":1,\"name\":\"Home\",\"item\":\"https:\/\/www.uhrinstinkt.de\/magazin\/\"},{\"@type\":\"ListItem\",\"position\":2,\"name\":\"Tag Heuer Carrera Gold-Schwarz\"}]},{\"@type\":\"WebSite\",\"@id\":\"https:\/\/www.uhrinstinkt.de\/magazin\/#website\",\"url\":\"https:\/\/www.uhrinstinkt.de\/magazin\/\",\"name\":\"Uhrinstinkt Magazin\",\"description\":\"\",\"publisher\":{\"@id\":\"https:\/\/www.uhrinstinkt.de\/magazin\/#organization\"},\"potentialAction\":[{\"@type\":\"SearchAction\",\"target\":{\"@type\":\"EntryPoint\",\"urlTemplate\":\"https:\/\/www.uhrinstinkt.de\/magazin\/?s={search_term_string}\"},\"query-input\":\"required name=search_term_string\"}],\"inLanguage\":\"de\"},{\"@type\":\"Organization\",\"@id\":\"https:\/\/www.uhrinstinkt.de\/magazin\/#organization\",\"name\":\"Prestige Luxusuhren GmbH\",\"url\":\"https:\/\/www.uhrinstinkt.de\/magazin\/\",\"logo\":{\"@type\":\"ImageObject\",\"inLanguage\":\"de\",\"@id\":\"https:\/\/www.uhrinstinkt.de\/magazin\/#\/schema\/logo\/image\/\",\"url\":\"https:\/\/www.uhrinstinkt.de\/magazin\/wp-content\/uploads\/2019\/05\/logo-final-rev.png\",\"contentUrl\":\"https:\/\/www.uhrinstinkt.de\/magazin\/wp-content\/uploads\/2019\/05\/logo-final-rev.png\",\"width\":250,\"height\":50,\"caption\":\"Prestige Luxusuhren GmbH\"},\"image\":{\"@id\":\"https:\/\/www.uhrinstinkt.de\/magazin\/#\/schema\/logo\/image\/\"},\"sameAs\":[\"https:\/\/www.facebook.com\/uhrinstinkt.de\",\"https:\/\/x.com\/uhrinstinkt\",\"http:\/\/www.instagram.com\/uhrinstinkt\/\",\"http:\/\/www.youtube.com\/user\/uhrinstinkt\"]},{\"@type\":\"Person\",\"@id\":\"https:\/\/www.uhrinstinkt.de\/magazin\/#\/schema\/person\/960ff76add8c05a574d3c3a6800c6965\",\"name\":\"Admin\",\"image\":{\"@type\":\"ImageObject\",\"inLanguage\":\"de\",\"@id\":\"https:\/\/www.uhrinstinkt.de\/magazin\/#\/schema\/person\/image\/\",\"url\":\"https:\/\/secure.gravatar.com\/avatar\/a3449097ee9ad77b44f6829fd27ae4c26aee898e18298af72c8ad7de714c38ec?s=96&d=mm&r=g\",\"contentUrl\":\"https:\/\/secure.gravatar.com\/avatar\/a3449097ee9ad77b44f6829fd27ae4c26aee898e18298af72c8ad7de714c38ec?s=96&d=mm&r=g\",\"caption\":\"Admin\"}}]}<\/script>\n<!-- \/ Yoast SEO plugin. -->","yoast_head_json":{"title":"Tag Heuer Carrera Gold-Schwarz - Uhrinstinkt Magazin","description":"Tag Heuer zelebriert schwarz-goldene Carrera Uhren \u2714 Entdecken Sie die neue, goldene Sportlichkeit der Luxusmarke mit zahlreichen Modellen| Uhrinstinkt","robots":{"index":"index","follow":"follow","max-snippet":"max-snippet:-1","max-image-preview":"max-image-preview:large","max-video-preview":"max-video-preview:-1"},"canonical":"https:\/\/www.uhrinstinkt.de\/magazin\/tag-heuer-carrera-gold-schwarz\/","og_locale":"de_DE","og_type":"article","og_title":"Tag Heuer Carrera Gold-Schwarz - Uhrinstinkt Magazin","og_description":"Tag Heuer zelebriert schwarz-goldene Carrera Uhren \u2714 Entdecken Sie die neue, goldene Sportlichkeit der Luxusmarke mit zahlreichen Modellen| Uhrinstinkt","og_url":"https:\/\/www.uhrinstinkt.de\/magazin\/tag-heuer-carrera-gold-schwarz\/","og_site_name":"Uhrinstinkt Magazin","article_publisher":"https:\/\/www.facebook.com\/uhrinstinkt.de","article_published_time":"2023-02-01T09:00:47+00:00","article_modified_time":"2023-08-21T14:13:31+00:00","og_image":[{"width":660,"height":308,"url":"https:\/\/www.uhrinstinkt.de\/magazin\/wp-content\/uploads\/2025\/01\/Tag-Heuer-Carrera-Gold-Schwarz.jpg","type":"image\/jpeg"}],"author":"Admin","twitter_card":"summary_large_image","twitter_creator":"@uhrinstinkt","twitter_site":"@uhrinstinkt","twitter_misc":{"Verfasst von":"Admin","Gesch\u00e4tzte Lesezeit":"7\u00a0Minuten"},"schema":{"@context":"https:\/\/schema.org","@graph":[{"@type":"Article","@id":"https:\/\/www.uhrinstinkt.de\/magazin\/tag-heuer-carrera-gold-schwarz\/#article","isPartOf":{"@id":"https:\/\/www.uhrinstinkt.de\/magazin\/tag-heuer-carrera-gold-schwarz\/"},"author":{"name":"Admin","@id":"https:\/\/www.uhrinstinkt.de\/magazin\/#\/schema\/person\/960ff76add8c05a574d3c3a6800c6965"},"headline":"Tag Heuer Carrera Gold-Schwarz","datePublished":"2023-02-01T09:00:47+00:00","dateModified":"2023-08-21T14:13:31+00:00","mainEntityOfPage":{"@id":"https:\/\/www.uhrinstinkt.de\/magazin\/tag-heuer-carrera-gold-schwarz\/"},"wordCount":1052,"publisher":{"@id":"https:\/\/www.uhrinstinkt.de\/magazin\/#organization"},"image":{"@id":"https:\/\/www.uhrinstinkt.de\/magazin\/tag-heuer-carrera-gold-schwarz\/#primaryimage"},"thumbnailUrl":"https:\/\/www.uhrinstinkt.de\/magazin\/wp-content\/uploads\/2025\/01\/Tag-Heuer-Carrera-Gold-Schwarz.jpg","keywords":["Carrera Panamericana","High-End-Chronograph","Schwarz-Gold-Automatik","sportliche Uhr","Tag Heuer Carrera","Tag Heuer Carrera Gold-Schwarz"],"articleSection":["Neuheiten &amp; Szene"],"inLanguage":"de"},{"@type":"WebPage","@id":"https:\/\/www.uhrinstinkt.de\/magazin\/tag-heuer-carrera-gold-schwarz\/","url":"https:\/\/www.uhrinstinkt.de\/magazin\/tag-heuer-carrera-gold-schwarz\/","name":"Tag Heuer Carrera Gold-Schwarz - Uhrinstinkt Magazin","isPartOf":{"@id":"https:\/\/www.uhrinstinkt.de\/magazin\/#website"},"primaryImageOfPage":{"@id":"https:\/\/www.uhrinstinkt.de\/magazin\/tag-heuer-carrera-gold-schwarz\/#primaryimage"},"image":{"@id":"https:\/\/www.uhrinstinkt.de\/magazin\/tag-heuer-carrera-gold-schwarz\/#primaryimage"},"thumbnailUrl":"https:\/\/www.uhrinstinkt.de\/magazin\/wp-content\/uploads\/2025\/01\/Tag-Heuer-Carrera-Gold-Schwarz.jpg","datePublished":"2023-02-01T09:00:47+00:00","dateModified":"2023-08-21T14:13:31+00:00","description":"Tag Heuer zelebriert schwarz-goldene Carrera Uhren \u2714 Entdecken Sie die neue, goldene Sportlichkeit der Luxusmarke mit zahlreichen Modellen| Uhrinstinkt","breadcrumb":{"@id":"https:\/\/www.uhrinstinkt.de\/magazin\/tag-heuer-carrera-gold-schwarz\/#breadcrumb"},"inLanguage":"de","potentialAction":[{"@type":"ReadAction","target":["https:\/\/www.uhrinstinkt.de\/magazin\/tag-heuer-carrera-gold-schwarz\/"]}]},{"@type":"ImageObject","inLanguage":"de","@id":"https:\/\/www.uhrinstinkt.de\/magazin\/tag-heuer-carrera-gold-schwarz\/#primaryimage","url":"https:\/\/www.uhrinstinkt.de\/magazin\/wp-content\/uploads\/2025\/01\/Tag-Heuer-Carrera-Gold-Schwarz.jpg","contentUrl":"https:\/\/www.uhrinstinkt.de\/magazin\/wp-content\/uploads\/2025\/01\/Tag-Heuer-Carrera-Gold-Schwarz.jpg","width":660,"height":308},{"@type":"BreadcrumbList","@id":"https:\/\/www.uhrinstinkt.de\/magazin\/tag-heuer-carrera-gold-schwarz\/#breadcrumb","itemListElement":[{"@type":"ListItem","position":1,"name":"Home","item":"https:\/\/www.uhrinstinkt.de\/magazin\/"},{"@type":"ListItem","position":2,"name":"Tag Heuer Carrera Gold-Schwarz"}]},{"@type":"WebSite","@id":"https:\/\/www.uhrinstinkt.de\/magazin\/#website","url":"https:\/\/www.uhrinstinkt.de\/magazin\/","name":"Uhrinstinkt Magazin","description":"","publisher":{"@id":"https:\/\/www.uhrinstinkt.de\/magazin\/#organization"},"potentialAction":[{"@type":"SearchAction","target":{"@type":"EntryPoint","urlTemplate":"https:\/\/www.uhrinstinkt.de\/magazin\/?s={search_term_string}"},"query-input":"required name=search_term_string"}],"inLanguage":"de"},{"@type":"Organization","@id":"https:\/\/www.uhrinstinkt.de\/magazin\/#organization","name":"Prestige Luxusuhren GmbH","url":"https:\/\/www.uhrinstinkt.de\/magazin\/","logo":{"@type":"ImageObject","inLanguage":"de","@id":"https:\/\/www.uhrinstinkt.de\/magazin\/#\/schema\/logo\/image\/","url":"https:\/\/www.uhrinstinkt.de\/magazin\/wp-content\/uploads\/2019\/05\/logo-final-rev.png","contentUrl":"https:\/\/www.uhrinstinkt.de\/magazin\/wp-content\/uploads\/2019\/05\/logo-final-rev.png","width":250,"height":50,"caption":"Prestige Luxusuhren GmbH"},"image":{"@id":"https:\/\/www.uhrinstinkt.de\/magazin\/#\/schema\/logo\/image\/"},"sameAs":["https:\/\/www.facebook.com\/uhrinstinkt.de","https:\/\/x.com\/uhrinstinkt","http:\/\/www.instagram.com\/uhrinstinkt\/","http:\/\/www.youtube.com\/user\/uhrinstinkt"]},{"@type":"Person","@id":"https:\/\/www.uhrinstinkt.de\/magazin\/#\/schema\/person\/960ff76add8c05a574d3c3a6800c6965","name":"Admin","image":{"@type":"ImageObject","inLanguage":"de","@id":"https:\/\/www.uhrinstinkt.de\/magazin\/#\/schema\/person\/image\/","url":"https:\/\/secure.gravatar.com\/avatar\/a3449097ee9ad77b44f6829fd27ae4c26aee898e18298af72c8ad7de714c38ec?s=96&d=mm&r=g","contentUrl":"https:\/\/secure.gravatar.com\/avatar\/a3449097ee9ad77b44f6829fd27ae4c26aee898e18298af72c8ad7de714c38ec?s=96&d=mm&r=g","caption":"Admin"}}]}},"_links":{"self":[{"href":"https:\/\/www.uhrinstinkt.de\/magazin\/wp-json\/wp\/v2\/posts\/33903","targetHints":{"allow":["GET"]}}],"collection":[{"href":"https:\/\/www.uhrinstinkt.de\/magazin\/wp-json\/wp\/v2\/posts"}],"about":[{"href":"https:\/\/www.uhrinstinkt.de\/magazin\/wp-json\/wp\/v2\/types\/post"}],"author":[{"embeddable":true,"href":"https:\/\/www.uhrinstinkt.de\/magazin\/wp-json\/wp\/v2\/users\/1"}],"replies":[{"embeddable":true,"href":"https:\/\/www.uhrinstinkt.de\/magazin\/wp-json\/wp\/v2\/comments?post=33903"}],"version-history":[{"count":21,"href":"https:\/\/www.uhrinstinkt.de\/magazin\/wp-json\/wp\/v2\/posts\/33903\/revisions"}],"predecessor-version":[{"id":34073,"href":"https:\/\/www.uhrinstinkt.de\/magazin\/wp-json\/wp\/v2\/posts\/33903\/revisions\/34073"}],"wp:featuredmedia":[{"embeddable":true,"href":"https:\/\/www.uhrinstinkt.de\/magazin\/wp-json\/wp\/v2\/media\/33913"}],"wp:attachment":[{"href":"https:\/\/www.uhrinstinkt.de\/magazin\/wp-json\/wp\/v2\/media?parent=33903"}],"wp:term":[{"taxonomy":"category","embeddable":true,"href":"https:\/\/www.uhrinstinkt.de\/magazin\/wp-json\/wp\/v2\/categories?post=33903"},{"taxonomy":"post_tag","embeddable":true,"href":"https:\/\/www.uhrinstinkt.de\/magazin\/wp-json\/wp\/v2\/tags?post=33903"}],"curies":[{"name":"wp","href":"https:\/\/api.w.org\/{rel}","templated":true}]}}