{"id":29961,"date":"2022-01-21T10:54:17","date_gmt":"2022-01-21T09:54:17","guid":{"rendered":"https:\/\/www.uhrinstinkt.de\/magazin\/?p=29961"},"modified":"2022-01-21T11:17:15","modified_gmt":"2022-01-21T10:17:15","slug":"bell-ross-patrouille-de-france","status":"publish","type":"post","link":"https:\/\/www.uhrinstinkt.de\/magazin\/bell-ross-patrouille-de-france\/","title":{"rendered":"In der Vorstellung: Bell &#038; Ross PATROUILLE DE FRANCE"},"content":{"rendered":"<p style=\"text-align: justify;\"><strong>Seit 2021 ist <\/strong><a href=\"https:\/\/www.uhrinstinkt.de\/uhr-kaufen\/bell-ross\/\"><strong>Bell &amp; Ross<\/strong><\/a><strong> stolzer Partner der legend\u00e4ren Kunstflugstaffel Patrouille de France. Eine Kooperation, die f\u00fcr die milit\u00e4rgeschichtlich begeisterte Luxusmarke einen au\u00dfergew\u00f6hnlichen Stellenwert besitzt und mit dem <\/strong><a href=\"https:\/\/www.uhrinstinkt.de\/uhr-kaufen\/bell-ross\/br-03-42-mm\/br-03-94-chronographe\/\"><strong>BR 03-94 CHRONOGRAPHE<\/strong><\/a><strong> ein beeindruckendes Hightech-Instrument hervorbringt. Welche Highlights das Keramikmodell auszeichnen, was Bell &amp; Ross mit der Patrouille de France verbindet und welche Qualit\u00e4ten den Chronographen im Alltag auszeichnen, erkl\u00e4ren wir im folgenden Beitrag.<\/strong><\/p>\n<h2>Offizielle Kunstflugstaffel der franz\u00f6sischen Luftwaffe<\/h2>\n<p style=\"text-align: justify;\">Mehr Prestige geht nicht: 1953 gegr\u00fcndet, bildet die zur franz\u00f6sischen Luftwaffe geh\u00f6rende Patrouille de France eine der traditionsreichsten Kunstflugstaffeln der Welt. Jeden Sommer zieht das aus neun Piloten bestehende Geschwader um den Globus \u2013 mit dem offiziellen Ziel, die franz\u00f6sischen Luft- und Raumfahrtkr\u00e4fte im Ausland zu repr\u00e4sentieren. Tausende Menschen sehen mit offenen M\u00fcndern dabei zu, wie die Flugzeuge vom Typ Alpha Jet bei H\u00f6chstgeschwindigkeiten von bis zu 800 km\/h ihre Man\u00f6ver vollziehen, w\u00e4hrend sie nur drei Meter voneinander entfernt sind.<\/p>\n<figure id=\"attachment_29978\" aria-describedby=\"caption-attachment-29978\" style=\"width: 800px\" class=\"wp-caption aligncenter\"><img loading=\"lazy\" decoding=\"async\" class=\"wp-image-29978 size-full\" title=\"Alpha Jet der Patrouille de France\" src=\"https:\/\/www.uhrinstinkt.de\/magazin\/wp-content\/uploads\/2022\/02\/Alphajet-de-la-patrouille-de-France.jpg\" alt=\"Alphajet de la patrouille de France\" width=\"800\" height=\"530\" srcset=\"https:\/\/www.uhrinstinkt.de\/magazin\/wp-content\/uploads\/2022\/02\/Alphajet-de-la-patrouille-de-France.jpg 800w, https:\/\/www.uhrinstinkt.de\/magazin\/wp-content\/uploads\/2022\/02\/Alphajet-de-la-patrouille-de-France-300x199.jpg 300w, https:\/\/www.uhrinstinkt.de\/magazin\/wp-content\/uploads\/2022\/02\/Alphajet-de-la-patrouille-de-France-768x509.jpg 768w, https:\/\/www.uhrinstinkt.de\/magazin\/wp-content\/uploads\/2022\/02\/Alphajet-de-la-patrouille-de-France-310x205.jpg 310w\" sizes=\"auto, (max-width: 800px) 100vw, 800px\" \/><figcaption id=\"caption-attachment-29978\" class=\"wp-caption-text\">\u00a9 fgrange42 \u2013 stock.adobe.com<\/figcaption><\/figure>\n<p style=\"text-align: justify;\">Ein kurzer Fehler, falsches Timing von einem der neun Piloten w\u00fcrde ausreichen, um die t\u00f6dliche Katastrophe auszul\u00f6sen. 35 eigens abgestellte Ingenieure und h\u00f6chste Pr\u00e4zision in jedem Detail sind erforderlich, um letztere zu vermeiden. Deshalb verwundert es nicht, dass milit\u00e4rische Institutionen wie die Patrouille de France bei der Auswahl ihrer Ausstattung \u00e4u\u00dferst gr\u00fcndlich arbeiten. Eine Uhr, die von den Elite-Piloten der Kunstflugstaffel getragen wird, muss sich in Sachen Zuverl\u00e4ssigkeit, Lesbarkeit, Sto\u00df- und Temperaturfestigkeit sowie Tragekomfort nahe der Perfektion bewegen, um f\u00fcr den anspruchsvollen Dienst infrage zu kommen.<\/p>\n<figure id=\"attachment_29981\" aria-describedby=\"caption-attachment-29981\" style=\"width: 800px\" class=\"wp-caption aligncenter\"><img loading=\"lazy\" decoding=\"async\" class=\"wp-image-29981 size-full\" title=\"Piloten der Patrouille de France\" src=\"https:\/\/www.uhrinstinkt.de\/magazin\/wp-content\/uploads\/2022\/02\/PATROUILLE-DE-FRANCE-Piloten.jpg\" alt=\"Piloten\" width=\"800\" height=\"536\" srcset=\"https:\/\/www.uhrinstinkt.de\/magazin\/wp-content\/uploads\/2022\/02\/PATROUILLE-DE-FRANCE-Piloten.jpg 800w, https:\/\/www.uhrinstinkt.de\/magazin\/wp-content\/uploads\/2022\/02\/PATROUILLE-DE-FRANCE-Piloten-300x201.jpg 300w, https:\/\/www.uhrinstinkt.de\/magazin\/wp-content\/uploads\/2022\/02\/PATROUILLE-DE-FRANCE-Piloten-768x515.jpg 768w, https:\/\/www.uhrinstinkt.de\/magazin\/wp-content\/uploads\/2022\/02\/PATROUILLE-DE-FRANCE-Piloten-110x75.jpg 110w\" sizes=\"auto, (max-width: 800px) 100vw, 800px\" \/><figcaption id=\"caption-attachment-29981\" class=\"wp-caption-text\">\u00a9 tangofox \u2013 stock.adobe.com<\/figcaption><\/figure>\n<p style=\"text-align: justify;\">Mit der Bell &amp; Ross PATROUILLE DE FRANCE (die stolzen Gro\u00dfbuchstaben geh\u00f6ren zum Modellnamen) ist der 1992 gegr\u00fcndeten Uhrenmarke, die ihren Hauptsitz in Paris hat und ihre Zeitanzeiger im schweizerischen La-Chaux-de-Fonds produziert, ein solches Super-Instrument gelungen.<\/p>\n<h2>In direkter Kooperation mit den Piloten entworfen<\/h2>\n<p style=\"text-align: justify;\">Dass die neue, auf 500 St\u00fcck beschr\u00e4nkte <a href=\"https:\/\/www.uhrinstinkt.de\/uhr-kaufen\/bell-ross\/br-03-42-mm\/\">BR 03<\/a> (Ref. BR0394-PAF1-CE\/SRB) so erstklassig auf die Bed\u00fcrfnisse der mutigen Kunstflieger zugeschnitten ist, stellt keinen Zufall dar. Bell &amp; Ross wandte sich vor der Entwicklung direkt an die erlesene Pilotengruppe, um gemeinsam mit ihr eine ideale Uhr f\u00fcr die Zwecke der Patrouille de France zu entwerfen. Besondere Priorit\u00e4t legten die Flieger auf ein \u00fcbersichtliches Zifferblatt, dessen gute Kontraste in der Bell &amp; Ross PATROUILLE DE FRANCE auf die Nationalfarben Frankreichs treffen: W\u00e4hrend der Hintergrund in elegantem Blau erstrahlt, welches neben dem Heimatland auch den Himmel symbolisiert, sind Sekundenzeiger und 30-Minuten-Z\u00e4hler in Rot und die restlichen Markierungen in strahlendem Wei\u00df gehalten.<\/p>\n<p><a href=\"https:\/\/www.uhrinstinkt.de\/bell-ross-patrouille-de-france-br0394-paf1-ce-srb.html\"><img loading=\"lazy\" decoding=\"async\" class=\"aligncenter wp-image-29965 size-full\" title=\"Bell &amp; Ross PATROUILLE DE FRANCE in der Version BR0394-PAF1-CE\/SRB\" src=\"https:\/\/www.uhrinstinkt.de\/magazin\/wp-content\/uploads\/2022\/02\/Bell-Ross-PATROUILLE-DE-FRANCE-in-der-Version-BR0394-PAF1-CE-SRB.jpg\" alt=\"Bell Ross PATROUILLE DE FRANCE in der Version BR0394-PAF1-CE-SRB\" width=\"290\" height=\"450\" srcset=\"https:\/\/www.uhrinstinkt.de\/magazin\/wp-content\/uploads\/2022\/02\/Bell-Ross-PATROUILLE-DE-FRANCE-in-der-Version-BR0394-PAF1-CE-SRB.jpg 290w, https:\/\/www.uhrinstinkt.de\/magazin\/wp-content\/uploads\/2022\/02\/Bell-Ross-PATROUILLE-DE-FRANCE-in-der-Version-BR0394-PAF1-CE-SRB-193x300.jpg 193w\" sizes=\"auto, (max-width: 290px) 100vw, 290px\" \/><\/a><\/p>\n<p style=\"text-align: justify;\">Wie von anderen Modellen des Herstellers bekannt, h\u00e4lt der Chronograph eine gro\u00dfe arabische &#8220;12&#8221; im oberen Zentrum bereit, ersetzt die gegen\u00fcberliegende &#8220;6&#8221; aber durch das Abzeichen der Patrouille de France. Letzteres ist an Symboltr\u00e4chtigkeit nicht zu \u00fcberbieten: W\u00e4hrend die goldene Kreisform den Zusammenhalt der Flieger und ihre F\u00e4higkeit zur Meisterung jeder Situation repr\u00e4sentiert, zeigen neun kleine Alpha Jets die ber\u00fchmteste Flugschau-Formation der Staffel \u2013 die &#8220;Concorde&#8221;. Ein Banner in den franz\u00f6sischen Nationalfarben betont den nationalen Stolz der Einheit und verewigt ihre Werte mitten in der Bell &amp; Ross PATROUILLE DE FRANCE: Solidarit\u00e4t, Disziplin, Pr\u00e4zision, Verl\u00e4sslichkeit und Kontrolle.<\/p>\n<h2>Profi-Instrument f\u00fcr alle Einsatzzwecke<\/h2>\n<p style=\"text-align: justify;\">Auch abgesehen von emotionalen Aspekten macht das Zifferblatt des Chronographen eine souver\u00e4ne Figur. So punkten die wei\u00dfen Zeiger und Indizes mit einem starken Leuchteffekt im Dunklen, wohingegen die au\u00dfenliegende Tachymeterskala zur Berechnung von Durchschnittsgeschwindigkeiten dient. In heutigen Zeiten w\u00e4re sie nur relevant, wenn alle elektronischen Instrumente im Flugzeug ausfallen w\u00fcrden. Von gr\u00f6\u00dferem Nutzen ist die bidirektionale Drehl\u00fcnette mit aufsteigender 60-Minuten-Skala, die schnell zu bedienen ist und die verstrichene Zeit seit einem gew\u00e4hlten Zeitpunkt wiedergibt. Ein kleines Datumsfenster auf halb f\u00fcnf, dessen Skala stilvollerweise in Zifferblattfarbe gehalten ist, rundet den Funktionsumfang ab.<\/p>\n<figure id=\"attachment_29989\" aria-describedby=\"caption-attachment-29989\" style=\"width: 800px\" class=\"wp-caption aligncenter\"><img loading=\"lazy\" decoding=\"async\" class=\"wp-image-29989 size-full\" title=\"Flugzeuge der Kunstflugstaffel &quot;Patrouille de France&quot;\" src=\"https:\/\/www.uhrinstinkt.de\/magazin\/wp-content\/uploads\/2022\/02\/Flugzeuge-der-Kunstflugstaffel-Patrouille-de-France.jpg\" alt=\"Flugzeuge der Kunstflugstaffel\" width=\"800\" height=\"531\" srcset=\"https:\/\/www.uhrinstinkt.de\/magazin\/wp-content\/uploads\/2022\/02\/Flugzeuge-der-Kunstflugstaffel-Patrouille-de-France.jpg 800w, https:\/\/www.uhrinstinkt.de\/magazin\/wp-content\/uploads\/2022\/02\/Flugzeuge-der-Kunstflugstaffel-Patrouille-de-France-300x199.jpg 300w, https:\/\/www.uhrinstinkt.de\/magazin\/wp-content\/uploads\/2022\/02\/Flugzeuge-der-Kunstflugstaffel-Patrouille-de-France-768x510.jpg 768w, https:\/\/www.uhrinstinkt.de\/magazin\/wp-content\/uploads\/2022\/02\/Flugzeuge-der-Kunstflugstaffel-Patrouille-de-France-310x205.jpg 310w\" sizes=\"auto, (max-width: 800px) 100vw, 800px\" \/><figcaption id=\"caption-attachment-29989\" class=\"wp-caption-text\">\u00a9 Konstantin Yolshin \u2013 stock.adobe.com<\/figcaption><\/figure>\n<h2>Mattschwarze Hightech-Keramik f\u00fcr h\u00f6chste Stabilit\u00e4t<\/h2>\n<p style=\"text-align: justify;\">Das Geh\u00e4use der BR 03-94 CHRONOGRAPHE ist mit einer Breite von 42 Millimetern relativ moderat proportioniert und erfordert zum harmonischen Tragen kein riesiges Handgelenk. In der markentypischen, quadratischen Form mit vier Sichtschrauben gehalten, nimmt es vor allem in materialtechnischen Gesichtspunkten eine herausragende Stellung ein. Aus Hightech-Keramik gefertigt, vereint es extreme H\u00e4rte mit hypoallergenen Eigenschaften, einer angenehmen Leichtigkeit und der F\u00e4higkeit, seine volle Farbkraft f\u00fcr immer zu behalten. Auch die L\u00fcnette der BR 03 besteht aus dem wundersamen Werkstoff.<\/p>\n<div class=\"box note  \"><div class=\"box-inner-block\"><i class=\"fa tie-shortcode-boxicon\"><\/i>\n\t\t\tAuf ihrer R\u00fcckseite offenbart die Bell &amp; Ross PATROUILLE DE FRANCE einen geschlossenen Geh\u00e4useboden, welcher neben der Information \u00fcber 100 Meter Wasserdichtigkeit (im Fliegerbereich keine Selbstverst\u00e4ndlichkeit) die exakte Nummerierung des vorliegenden Exemplars innerhalb der 500 St\u00fcck umfassenden Serie nennt.\n\t\t\t<\/div><\/div>\n<p style=\"text-align: justify;\">Ein sch\u00f6nes Detail, das Sammlern und Liebhabern der Luftfahrt die Exklusivit\u00e4t ihrer Bell &amp; Ross vor Augen f\u00fchrt. Zwei Armb\u00e4nder werden der PATROUILLE DE FRANCE beigelegt: Eines aus schwarzem Kautschuk, ein weiteres aus einem speziellen Synthetikgewebe. Beide B\u00e4nder gew\u00e4hrleisten einen sch\u00f6nen \u00dcbergang zum quadratischen Geh\u00e4use, passen zum instrumentellen Look des Chronographen und setzen zur Befestigung auf eine simple Dornschlie\u00dfe.<\/p>\n<h2>Uhrwerk, Preis und Verf\u00fcgbarkeit<\/h2>\n<p style=\"text-align: justify;\">Im Vergleich zum historischen Kontext, dem aufwendig gestalteten Zifferblatt und dem Hightech-Geh\u00e4use der BR 03 ist ihr Innenleben keine Au\u00dfergew\u00f6hnlichkeit. Zum Einsatz kommt das in vielen Modellen der Pariser Marke zuverl\u00e4ssig arbeitende Automatikwerk BR-CAL. 301, welches auf dem popul\u00e4ren ETA 2894-2 basiert und 42 Stunden Gangreserve bereitstellt. Sicherlich w\u00e4re ein Manufakturwerk noch sch\u00f6ner gewesen, aber die BR 03-94 CHRONOGRAPHE versteht es, ihre 500 Besitzer gro\u00dfz\u00fcgig f\u00fcr den kleinen Wermutstropfen zu entsch\u00e4digen.<\/p>\n<div class=\"box success  \"><div class=\"box-inner-block\"><i class=\"fa tie-shortcode-boxicon\"><\/i>\n\t\t\tMan muss sich nur vor Augen f\u00fchren, dass die neun besten Piloten Frankreichs \u2013 und einige der besten Flieger der Welt \u2013 jene Uhr tragen, die im freien Verkauf f\u00fcr uns Enthusiasten verf\u00fcgbar ist. Vorausgesetzt, man beeilt sich.\n\t\t\t<\/div><\/div>\n<h2>Mit Quarz: Seltene Sonderauflage der Bell &amp; Ross PATROUILLE DE FRANCE<\/h2>\n<p style=\"text-align: justify;\">Um genau zu sein, tragen die Piloten der Patrouille de France nicht jenen Automatik-Chronographen, den wir bis jetzt erkl\u00e4rt haben. Aber fast. Neben den 500 Exemplaren werden zus\u00e4tzlich 100 St\u00fcck eines Quarzmodells (Ref. BR03-PAF1-CA\/SRB) hergestellt, das in den meisten Eigenschaften identisch zum mechanischen Bruder ist.<\/p>\n<p style=\"text-align: justify;\">Zwei gr\u00f6\u00dfere Details wurden ge\u00e4ndert: Erstens das Quarzwerk, welches Fliehkr\u00e4fte von bis zu 6G besser vertr\u00e4gt als filigrane Mechanik, zweitens das Geh\u00e4use, das aus DLC-beschichtetem Stahl anstelle von Keramik besteht. Warum, wissen wir nicht.<\/p>\n<div class=\"box info  \"><div class=\"box-inner-block\"><i class=\"fa tie-shortcode-boxicon\"><\/i>\n\t\t\tFest steht aber, dass die Quarzversion ebenfalls frei verk\u00e4uflich ist. F\u00fcr 4.900 Euro bekommt der Aviatik-Enthusiast dann tats\u00e4chlich die exakte Uhr, mit der die Patrouille de France best\u00fcckt ist.\n\t\t\t<\/div><\/div>\n","protected":false},"excerpt":{"rendered":"<p>Seit 2021 ist Bell &amp; Ross stolzer Partner der legend\u00e4ren Kunstflugstaffel Patrouille de France. Eine Kooperation, die f\u00fcr die milit\u00e4rgeschichtlich begeisterte Luxusmarke einen au\u00dfergew\u00f6hnlichen Stellenwert besitzt und mit dem BR 03-94 CHRONOGRAPHE ein beeindruckendes Hightech-Instrument hervorbringt. Welche Highlights das Keramikmodell auszeichnen, was Bell &amp; Ross mit der Patrouille de France verbindet und welche Qualit\u00e4ten den &hellip;<\/p>\n","protected":false},"author":1,"featured_media":29988,"comment_status":"closed","ping_status":"open","sticky":false,"template":"","format":"standard","meta":{"footnotes":""},"categories":[11],"tags":[107,265,1935,44,2160,2159,2158,2157,1386,435],"class_list":["post-29961","post","type-post","status-publish","format-standard","has-post-thumbnail","hentry","category-neuheiten-szene","tag-bell-ross","tag-chronograph","tag-fliegeruhr","tag-fliegeruhren","tag-frankreich","tag-franzoesisch","tag-kunstflugstaffel","tag-patrouille-de-france","tag-pilotenuhr","tag-pilotenuhren"],"yoast_head":"<!-- This site is optimized with the Yoast SEO plugin v22.5 - https:\/\/yoast.com\/wordpress\/plugins\/seo\/ -->\n<title>In der Vorstellung: Bell &amp; Ross PATROUILLE DE FRANCE - Uhrinstinkt Magazin<\/title>\n<meta name=\"description\" content=\"Lernen Sie im Uhrinstinkt Magazin die \u2714 Bell &amp; Ross PATROUILLE DE FRANCE kennen, die den BR 03-94 CHRONOGRAPHE mit der Kunstflugstaffel verbindet!\" \/>\n<meta name=\"robots\" content=\"index, follow, max-snippet:-1, max-image-preview:large, max-video-preview:-1\" \/>\n<link rel=\"canonical\" href=\"https:\/\/www.uhrinstinkt.de\/magazin\/bell-ross-patrouille-de-france\/\" \/>\n<meta property=\"og:locale\" content=\"de_DE\" \/>\n<meta property=\"og:type\" content=\"article\" \/>\n<meta property=\"og:title\" content=\"In der Vorstellung: Bell &amp; Ross PATROUILLE DE FRANCE - Uhrinstinkt Magazin\" \/>\n<meta property=\"og:description\" content=\"Lernen Sie im Uhrinstinkt Magazin die \u2714 Bell &amp; Ross PATROUILLE DE FRANCE kennen, die den BR 03-94 CHRONOGRAPHE mit der Kunstflugstaffel verbindet!\" \/>\n<meta property=\"og:url\" content=\"https:\/\/www.uhrinstinkt.de\/magazin\/bell-ross-patrouille-de-france\/\" \/>\n<meta property=\"og:site_name\" content=\"Uhrinstinkt Magazin\" \/>\n<meta property=\"article:publisher\" content=\"https:\/\/www.facebook.com\/uhrinstinkt.de\" \/>\n<meta property=\"article:published_time\" content=\"2022-01-21T09:54:17+00:00\" \/>\n<meta property=\"article:modified_time\" content=\"2022-01-21T10:17:15+00:00\" \/>\n<meta property=\"og:image\" content=\"https:\/\/www.uhrinstinkt.de\/magazin\/wp-content\/uploads\/2022\/02\/bell-ross-patrouille-de-france-e1642758645281.jpg\" \/>\n\t<meta property=\"og:image:width\" content=\"800\" \/>\n\t<meta property=\"og:image:height\" content=\"533\" \/>\n\t<meta property=\"og:image:type\" content=\"image\/jpeg\" \/>\n<meta name=\"author\" content=\"Admin\" \/>\n<meta name=\"twitter:card\" content=\"summary_large_image\" \/>\n<meta name=\"twitter:creator\" content=\"@uhrinstinkt\" \/>\n<meta name=\"twitter:site\" content=\"@uhrinstinkt\" \/>\n<meta name=\"twitter:label1\" content=\"Verfasst von\" \/>\n\t<meta name=\"twitter:data1\" content=\"Admin\" \/>\n\t<meta name=\"twitter:label2\" content=\"Gesch\u00e4tzte Lesezeit\" \/>\n\t<meta name=\"twitter:data2\" content=\"6\u00a0Minuten\" \/>\n<script type=\"application\/ld+json\" class=\"yoast-schema-graph\">{\"@context\":\"https:\/\/schema.org\",\"@graph\":[{\"@type\":\"Article\",\"@id\":\"https:\/\/www.uhrinstinkt.de\/magazin\/bell-ross-patrouille-de-france\/#article\",\"isPartOf\":{\"@id\":\"https:\/\/www.uhrinstinkt.de\/magazin\/bell-ross-patrouille-de-france\/\"},\"author\":{\"name\":\"Admin\",\"@id\":\"https:\/\/www.uhrinstinkt.de\/magazin\/#\/schema\/person\/960ff76add8c05a574d3c3a6800c6965\"},\"headline\":\"In der Vorstellung: Bell &#038; Ross PATROUILLE DE FRANCE\",\"datePublished\":\"2022-01-21T09:54:17+00:00\",\"dateModified\":\"2022-01-21T10:17:15+00:00\",\"mainEntityOfPage\":{\"@id\":\"https:\/\/www.uhrinstinkt.de\/magazin\/bell-ross-patrouille-de-france\/\"},\"wordCount\":1146,\"publisher\":{\"@id\":\"https:\/\/www.uhrinstinkt.de\/magazin\/#organization\"},\"image\":{\"@id\":\"https:\/\/www.uhrinstinkt.de\/magazin\/bell-ross-patrouille-de-france\/#primaryimage\"},\"thumbnailUrl\":\"https:\/\/www.uhrinstinkt.de\/magazin\/wp-content\/uploads\/2022\/02\/bell-ross-patrouille-de-france-e1642758645281.jpg\",\"keywords\":[\"Bell &amp; Ross\",\"Chronograph\",\"Fliegeruhr\",\"Fliegeruhren\",\"Frankreich\",\"franz\u00f6sisch\",\"Kunstflugstaffel\",\"PATROUILLE DE FRANCE\",\"Pilotenuhr\",\"Pilotenuhren\"],\"articleSection\":[\"Neuheiten &amp; Szene\"],\"inLanguage\":\"de\"},{\"@type\":\"WebPage\",\"@id\":\"https:\/\/www.uhrinstinkt.de\/magazin\/bell-ross-patrouille-de-france\/\",\"url\":\"https:\/\/www.uhrinstinkt.de\/magazin\/bell-ross-patrouille-de-france\/\",\"name\":\"In der Vorstellung: Bell & Ross PATROUILLE DE FRANCE - Uhrinstinkt Magazin\",\"isPartOf\":{\"@id\":\"https:\/\/www.uhrinstinkt.de\/magazin\/#website\"},\"primaryImageOfPage\":{\"@id\":\"https:\/\/www.uhrinstinkt.de\/magazin\/bell-ross-patrouille-de-france\/#primaryimage\"},\"image\":{\"@id\":\"https:\/\/www.uhrinstinkt.de\/magazin\/bell-ross-patrouille-de-france\/#primaryimage\"},\"thumbnailUrl\":\"https:\/\/www.uhrinstinkt.de\/magazin\/wp-content\/uploads\/2022\/02\/bell-ross-patrouille-de-france-e1642758645281.jpg\",\"datePublished\":\"2022-01-21T09:54:17+00:00\",\"dateModified\":\"2022-01-21T10:17:15+00:00\",\"description\":\"Lernen Sie im Uhrinstinkt Magazin die \u2714 Bell & Ross PATROUILLE DE FRANCE kennen, die den BR 03-94 CHRONOGRAPHE mit der Kunstflugstaffel verbindet!\",\"breadcrumb\":{\"@id\":\"https:\/\/www.uhrinstinkt.de\/magazin\/bell-ross-patrouille-de-france\/#breadcrumb\"},\"inLanguage\":\"de\",\"potentialAction\":[{\"@type\":\"ReadAction\",\"target\":[\"https:\/\/www.uhrinstinkt.de\/magazin\/bell-ross-patrouille-de-france\/\"]}]},{\"@type\":\"ImageObject\",\"inLanguage\":\"de\",\"@id\":\"https:\/\/www.uhrinstinkt.de\/magazin\/bell-ross-patrouille-de-france\/#primaryimage\",\"url\":\"https:\/\/www.uhrinstinkt.de\/magazin\/wp-content\/uploads\/2022\/02\/bell-ross-patrouille-de-france-e1642758645281.jpg\",\"contentUrl\":\"https:\/\/www.uhrinstinkt.de\/magazin\/wp-content\/uploads\/2022\/02\/bell-ross-patrouille-de-france-e1642758645281.jpg\",\"width\":800,\"height\":533,\"caption\":\"\u00a9 franz massard \u2013 stock.adobe.com\"},{\"@type\":\"BreadcrumbList\",\"@id\":\"https:\/\/www.uhrinstinkt.de\/magazin\/bell-ross-patrouille-de-france\/#breadcrumb\",\"itemListElement\":[{\"@type\":\"ListItem\",\"position\":1,\"name\":\"Home\",\"item\":\"https:\/\/www.uhrinstinkt.de\/magazin\/\"},{\"@type\":\"ListItem\",\"position\":2,\"name\":\"In der Vorstellung: Bell &#038; Ross PATROUILLE DE FRANCE\"}]},{\"@type\":\"WebSite\",\"@id\":\"https:\/\/www.uhrinstinkt.de\/magazin\/#website\",\"url\":\"https:\/\/www.uhrinstinkt.de\/magazin\/\",\"name\":\"Uhrinstinkt Magazin\",\"description\":\"\",\"publisher\":{\"@id\":\"https:\/\/www.uhrinstinkt.de\/magazin\/#organization\"},\"potentialAction\":[{\"@type\":\"SearchAction\",\"target\":{\"@type\":\"EntryPoint\",\"urlTemplate\":\"https:\/\/www.uhrinstinkt.de\/magazin\/?s={search_term_string}\"},\"query-input\":\"required name=search_term_string\"}],\"inLanguage\":\"de\"},{\"@type\":\"Organization\",\"@id\":\"https:\/\/www.uhrinstinkt.de\/magazin\/#organization\",\"name\":\"Prestige Luxusuhren GmbH\",\"url\":\"https:\/\/www.uhrinstinkt.de\/magazin\/\",\"logo\":{\"@type\":\"ImageObject\",\"inLanguage\":\"de\",\"@id\":\"https:\/\/www.uhrinstinkt.de\/magazin\/#\/schema\/logo\/image\/\",\"url\":\"https:\/\/www.uhrinstinkt.de\/magazin\/wp-content\/uploads\/2019\/05\/logo-final-rev.png\",\"contentUrl\":\"https:\/\/www.uhrinstinkt.de\/magazin\/wp-content\/uploads\/2019\/05\/logo-final-rev.png\",\"width\":250,\"height\":50,\"caption\":\"Prestige Luxusuhren GmbH\"},\"image\":{\"@id\":\"https:\/\/www.uhrinstinkt.de\/magazin\/#\/schema\/logo\/image\/\"},\"sameAs\":[\"https:\/\/www.facebook.com\/uhrinstinkt.de\",\"https:\/\/x.com\/uhrinstinkt\",\"http:\/\/www.instagram.com\/uhrinstinkt\/\",\"http:\/\/www.youtube.com\/user\/uhrinstinkt\"]},{\"@type\":\"Person\",\"@id\":\"https:\/\/www.uhrinstinkt.de\/magazin\/#\/schema\/person\/960ff76add8c05a574d3c3a6800c6965\",\"name\":\"Admin\",\"image\":{\"@type\":\"ImageObject\",\"inLanguage\":\"de\",\"@id\":\"https:\/\/www.uhrinstinkt.de\/magazin\/#\/schema\/person\/image\/\",\"url\":\"https:\/\/secure.gravatar.com\/avatar\/a3449097ee9ad77b44f6829fd27ae4c26aee898e18298af72c8ad7de714c38ec?s=96&d=mm&r=g\",\"contentUrl\":\"https:\/\/secure.gravatar.com\/avatar\/a3449097ee9ad77b44f6829fd27ae4c26aee898e18298af72c8ad7de714c38ec?s=96&d=mm&r=g\",\"caption\":\"Admin\"}}]}<\/script>\n<!-- \/ Yoast SEO plugin. -->","yoast_head_json":{"title":"In der Vorstellung: Bell & Ross PATROUILLE DE FRANCE - Uhrinstinkt Magazin","description":"Lernen Sie im Uhrinstinkt Magazin die \u2714 Bell & Ross PATROUILLE DE FRANCE kennen, die den BR 03-94 CHRONOGRAPHE mit der Kunstflugstaffel verbindet!","robots":{"index":"index","follow":"follow","max-snippet":"max-snippet:-1","max-image-preview":"max-image-preview:large","max-video-preview":"max-video-preview:-1"},"canonical":"https:\/\/www.uhrinstinkt.de\/magazin\/bell-ross-patrouille-de-france\/","og_locale":"de_DE","og_type":"article","og_title":"In der Vorstellung: Bell & Ross PATROUILLE DE FRANCE - Uhrinstinkt Magazin","og_description":"Lernen Sie im Uhrinstinkt Magazin die \u2714 Bell & Ross PATROUILLE DE FRANCE kennen, die den BR 03-94 CHRONOGRAPHE mit der Kunstflugstaffel verbindet!","og_url":"https:\/\/www.uhrinstinkt.de\/magazin\/bell-ross-patrouille-de-france\/","og_site_name":"Uhrinstinkt Magazin","article_publisher":"https:\/\/www.facebook.com\/uhrinstinkt.de","article_published_time":"2022-01-21T09:54:17+00:00","article_modified_time":"2022-01-21T10:17:15+00:00","og_image":[{"width":800,"height":533,"url":"https:\/\/www.uhrinstinkt.de\/magazin\/wp-content\/uploads\/2022\/02\/bell-ross-patrouille-de-france-e1642758645281.jpg","type":"image\/jpeg"}],"author":"Admin","twitter_card":"summary_large_image","twitter_creator":"@uhrinstinkt","twitter_site":"@uhrinstinkt","twitter_misc":{"Verfasst von":"Admin","Gesch\u00e4tzte Lesezeit":"6\u00a0Minuten"},"schema":{"@context":"https:\/\/schema.org","@graph":[{"@type":"Article","@id":"https:\/\/www.uhrinstinkt.de\/magazin\/bell-ross-patrouille-de-france\/#article","isPartOf":{"@id":"https:\/\/www.uhrinstinkt.de\/magazin\/bell-ross-patrouille-de-france\/"},"author":{"name":"Admin","@id":"https:\/\/www.uhrinstinkt.de\/magazin\/#\/schema\/person\/960ff76add8c05a574d3c3a6800c6965"},"headline":"In der Vorstellung: Bell &#038; Ross PATROUILLE DE FRANCE","datePublished":"2022-01-21T09:54:17+00:00","dateModified":"2022-01-21T10:17:15+00:00","mainEntityOfPage":{"@id":"https:\/\/www.uhrinstinkt.de\/magazin\/bell-ross-patrouille-de-france\/"},"wordCount":1146,"publisher":{"@id":"https:\/\/www.uhrinstinkt.de\/magazin\/#organization"},"image":{"@id":"https:\/\/www.uhrinstinkt.de\/magazin\/bell-ross-patrouille-de-france\/#primaryimage"},"thumbnailUrl":"https:\/\/www.uhrinstinkt.de\/magazin\/wp-content\/uploads\/2022\/02\/bell-ross-patrouille-de-france-e1642758645281.jpg","keywords":["Bell &amp; Ross","Chronograph","Fliegeruhr","Fliegeruhren","Frankreich","franz\u00f6sisch","Kunstflugstaffel","PATROUILLE DE FRANCE","Pilotenuhr","Pilotenuhren"],"articleSection":["Neuheiten &amp; Szene"],"inLanguage":"de"},{"@type":"WebPage","@id":"https:\/\/www.uhrinstinkt.de\/magazin\/bell-ross-patrouille-de-france\/","url":"https:\/\/www.uhrinstinkt.de\/magazin\/bell-ross-patrouille-de-france\/","name":"In der Vorstellung: Bell & Ross PATROUILLE DE FRANCE - Uhrinstinkt Magazin","isPartOf":{"@id":"https:\/\/www.uhrinstinkt.de\/magazin\/#website"},"primaryImageOfPage":{"@id":"https:\/\/www.uhrinstinkt.de\/magazin\/bell-ross-patrouille-de-france\/#primaryimage"},"image":{"@id":"https:\/\/www.uhrinstinkt.de\/magazin\/bell-ross-patrouille-de-france\/#primaryimage"},"thumbnailUrl":"https:\/\/www.uhrinstinkt.de\/magazin\/wp-content\/uploads\/2022\/02\/bell-ross-patrouille-de-france-e1642758645281.jpg","datePublished":"2022-01-21T09:54:17+00:00","dateModified":"2022-01-21T10:17:15+00:00","description":"Lernen Sie im Uhrinstinkt Magazin die \u2714 Bell & Ross PATROUILLE DE FRANCE kennen, die den BR 03-94 CHRONOGRAPHE mit der Kunstflugstaffel verbindet!","breadcrumb":{"@id":"https:\/\/www.uhrinstinkt.de\/magazin\/bell-ross-patrouille-de-france\/#breadcrumb"},"inLanguage":"de","potentialAction":[{"@type":"ReadAction","target":["https:\/\/www.uhrinstinkt.de\/magazin\/bell-ross-patrouille-de-france\/"]}]},{"@type":"ImageObject","inLanguage":"de","@id":"https:\/\/www.uhrinstinkt.de\/magazin\/bell-ross-patrouille-de-france\/#primaryimage","url":"https:\/\/www.uhrinstinkt.de\/magazin\/wp-content\/uploads\/2022\/02\/bell-ross-patrouille-de-france-e1642758645281.jpg","contentUrl":"https:\/\/www.uhrinstinkt.de\/magazin\/wp-content\/uploads\/2022\/02\/bell-ross-patrouille-de-france-e1642758645281.jpg","width":800,"height":533,"caption":"\u00a9 franz massard \u2013 stock.adobe.com"},{"@type":"BreadcrumbList","@id":"https:\/\/www.uhrinstinkt.de\/magazin\/bell-ross-patrouille-de-france\/#breadcrumb","itemListElement":[{"@type":"ListItem","position":1,"name":"Home","item":"https:\/\/www.uhrinstinkt.de\/magazin\/"},{"@type":"ListItem","position":2,"name":"In der Vorstellung: Bell &#038; Ross PATROUILLE DE FRANCE"}]},{"@type":"WebSite","@id":"https:\/\/www.uhrinstinkt.de\/magazin\/#website","url":"https:\/\/www.uhrinstinkt.de\/magazin\/","name":"Uhrinstinkt Magazin","description":"","publisher":{"@id":"https:\/\/www.uhrinstinkt.de\/magazin\/#organization"},"potentialAction":[{"@type":"SearchAction","target":{"@type":"EntryPoint","urlTemplate":"https:\/\/www.uhrinstinkt.de\/magazin\/?s={search_term_string}"},"query-input":"required name=search_term_string"}],"inLanguage":"de"},{"@type":"Organization","@id":"https:\/\/www.uhrinstinkt.de\/magazin\/#organization","name":"Prestige Luxusuhren GmbH","url":"https:\/\/www.uhrinstinkt.de\/magazin\/","logo":{"@type":"ImageObject","inLanguage":"de","@id":"https:\/\/www.uhrinstinkt.de\/magazin\/#\/schema\/logo\/image\/","url":"https:\/\/www.uhrinstinkt.de\/magazin\/wp-content\/uploads\/2019\/05\/logo-final-rev.png","contentUrl":"https:\/\/www.uhrinstinkt.de\/magazin\/wp-content\/uploads\/2019\/05\/logo-final-rev.png","width":250,"height":50,"caption":"Prestige Luxusuhren GmbH"},"image":{"@id":"https:\/\/www.uhrinstinkt.de\/magazin\/#\/schema\/logo\/image\/"},"sameAs":["https:\/\/www.facebook.com\/uhrinstinkt.de","https:\/\/x.com\/uhrinstinkt","http:\/\/www.instagram.com\/uhrinstinkt\/","http:\/\/www.youtube.com\/user\/uhrinstinkt"]},{"@type":"Person","@id":"https:\/\/www.uhrinstinkt.de\/magazin\/#\/schema\/person\/960ff76add8c05a574d3c3a6800c6965","name":"Admin","image":{"@type":"ImageObject","inLanguage":"de","@id":"https:\/\/www.uhrinstinkt.de\/magazin\/#\/schema\/person\/image\/","url":"https:\/\/secure.gravatar.com\/avatar\/a3449097ee9ad77b44f6829fd27ae4c26aee898e18298af72c8ad7de714c38ec?s=96&d=mm&r=g","contentUrl":"https:\/\/secure.gravatar.com\/avatar\/a3449097ee9ad77b44f6829fd27ae4c26aee898e18298af72c8ad7de714c38ec?s=96&d=mm&r=g","caption":"Admin"}}]}},"_links":{"self":[{"href":"https:\/\/www.uhrinstinkt.de\/magazin\/wp-json\/wp\/v2\/posts\/29961","targetHints":{"allow":["GET"]}}],"collection":[{"href":"https:\/\/www.uhrinstinkt.de\/magazin\/wp-json\/wp\/v2\/posts"}],"about":[{"href":"https:\/\/www.uhrinstinkt.de\/magazin\/wp-json\/wp\/v2\/types\/post"}],"author":[{"embeddable":true,"href":"https:\/\/www.uhrinstinkt.de\/magazin\/wp-json\/wp\/v2\/users\/1"}],"replies":[{"embeddable":true,"href":"https:\/\/www.uhrinstinkt.de\/magazin\/wp-json\/wp\/v2\/comments?post=29961"}],"version-history":[{"count":27,"href":"https:\/\/www.uhrinstinkt.de\/magazin\/wp-json\/wp\/v2\/posts\/29961\/revisions"}],"predecessor-version":[{"id":29994,"href":"https:\/\/www.uhrinstinkt.de\/magazin\/wp-json\/wp\/v2\/posts\/29961\/revisions\/29994"}],"wp:featuredmedia":[{"embeddable":true,"href":"https:\/\/www.uhrinstinkt.de\/magazin\/wp-json\/wp\/v2\/media\/29988"}],"wp:attachment":[{"href":"https:\/\/www.uhrinstinkt.de\/magazin\/wp-json\/wp\/v2\/media?parent=29961"}],"wp:term":[{"taxonomy":"category","embeddable":true,"href":"https:\/\/www.uhrinstinkt.de\/magazin\/wp-json\/wp\/v2\/categories?post=29961"},{"taxonomy":"post_tag","embeddable":true,"href":"https:\/\/www.uhrinstinkt.de\/magazin\/wp-json\/wp\/v2\/tags?post=29961"}],"curies":[{"name":"wp","href":"https:\/\/api.w.org\/{rel}","templated":true}]}}