{"id":16350,"date":"2019-03-26T11:58:38","date_gmt":"2019-03-26T10:58:38","guid":{"rendered":"https:\/\/www.uhrinstinkt.de\/magazin\/?p=16350"},"modified":"2021-04-15T16:01:07","modified_gmt":"2021-04-15T14:01:07","slug":"baselworld-2019-highlights-und-premieren","status":"publish","type":"post","link":"https:\/\/www.uhrinstinkt.de\/magazin\/baselworld-2019-highlights-und-premieren\/","title":{"rendered":"Baselworld 2019 Highlights und Premieren"},"content":{"rendered":"<h2>\u00ab Das waren die Highlights der Uhrenmesse \u00bb<\/h2>\n<p style=\"text-align: justify;\"><strong>Gro\u00dfe Neuerungen, kleine Modifikationen und viele \u00dcberraschungen: Vom 21. bis 26. M\u00e4rz 2019 wurde Basel wieder zum Weltzentrum der Uhrenbranche. Schon im Voraus erwartete man die Premieren der Hersteller mit Spannung \u2013 aber konnten die neuen Zeitanzeiger auch \u00fcberzeugen? Sehen wir uns die Baselworld Highlights 2019 genauer an.<\/strong><\/p>\n<h2>Yacht-Master 42, Sea Dweller und GMT-Master II: Die Neuen von Rolex<\/h2>\n<p style=\"text-align: justify;\">W\u00fcrde man die Anzahl der Spekulationen im Vorfeld der Baselworld z\u00e4hlen, k\u00e4me wohl kein anderer Hersteller auf ein ann\u00e4hernd gro\u00dfes Ergebnis wie <a href=\"https:\/\/www.uhrinstinkt.de\/uhren\/rolex\/\">Rolex<\/a>. Es verwundert also kaum, dass die Premieren der Genfer Luxusmarke auch dieses Jahr mit besonderer Aufregung erwartet wurden. Als wichtigste Neuerung sticht die neue <a href=\"https:\/\/www.uhrinstinkt.de\/uhren\/rolex\/yacht-master\/\">Yacht-Master<\/a> in der 42 mm Version hervor: Nicht nur ihr neuer, 42 mm gro\u00dfer Durchmesser, sondern auch die markante, schwarze Keramikl\u00fcnette setzen sie von den bisherigen Yacht-Master-Editionen ab. Im Innern des Wei\u00dfgold-Geh\u00e4uses befindet sich das neue Kaliber 3235, das mit 70 Stunden Gangreserve und der gewohnt hohen Pr\u00e4zision aufwartet &#8211; Abweichungen von mehr als -2\/+2 Sekunden pro Tag darf das Chronometer-Modell nicht \u00fcberschreiten. Pr\u00e4sentiert wurde die Yacht-Master 42 am schwarzen, patentierten Oysterflex-Band, das aus beweglichen Metallfederbl\u00e4ttern mit Kautschuk-\u00dcberzug besteht und laut Rolex einen hohen Tragekomfort mit ausgezeichneter Robustheit verbindet.<\/p>\n<p>\u00a0 \u00a0 \u00a0 \u00a0 <img loading=\"lazy\" decoding=\"async\" class=\"alignnone wp-image-16352 size-full\" title=\"Rolex Yacht-Master | Modell Nr.: 116622\" src=\"https:\/\/www.uhrinstinkt.de\/magazin\/wp-content\/uploads\/2019\/03\/Rolex-Yacht-Master.jpg\" alt=\"Rolex Yacht-Master\" width=\"250\" height=\"350\" srcset=\"https:\/\/www.uhrinstinkt.de\/magazin\/wp-content\/uploads\/2019\/03\/Rolex-Yacht-Master.jpg 250w, https:\/\/www.uhrinstinkt.de\/magazin\/wp-content\/uploads\/2019\/03\/Rolex-Yacht-Master-214x300.jpg 214w\" sizes=\"auto, (max-width: 250px) 100vw, 250px\" \/>\u00a0 \u00a0 \u00a0 \u00a0 \u00a0 \u00a0 \u00a0\u00a0<a href=\"https:\/\/www.uhrinstinkt.de\/rolex-yacht-master-116621-2.html\"><img loading=\"lazy\" decoding=\"async\" class=\"alignnone wp-image-16354 size-full\" title=\"Rolex Yacht-Master | Modell Nr.: 116621\" src=\"https:\/\/www.uhrinstinkt.de\/magazin\/wp-content\/uploads\/2019\/03\/Rolex-Yacht-Master_.jpg\" alt=\"Rolex Yacht-Master\" width=\"250\" height=\"349\" srcset=\"https:\/\/www.uhrinstinkt.de\/magazin\/wp-content\/uploads\/2019\/03\/Rolex-Yacht-Master_.jpg 250w, https:\/\/www.uhrinstinkt.de\/magazin\/wp-content\/uploads\/2019\/03\/Rolex-Yacht-Master_-215x300.jpg 215w\" sizes=\"auto, (max-width: 250px) 100vw, 250px\" \/><\/a><\/p>\n<p style=\"text-align: justify;\">Weiterhin stellte die Marke eine neue <a href=\"https:\/\/www.uhrinstinkt.de\/uhren\/rolex\/sea-dweller\/\">Sea-Dweller-Uhr<\/a> als eines der Rolex Highlights vor, deren Geh\u00e4use in der Materialkombination &#8220;Rolesor Gelb&#8221; erscheint. Diese besteht aus dem hauseigenen Edelstahl Oystersteel und 18-Karat-Gelbgold; letzteres ziert die L\u00fcnette und das Oyster-Band. Auch die Familie der <a href=\"https:\/\/www.uhrinstinkt.de\/uhren\/rolex\/gmt-master-ii\/\">GMT-Master II<\/a> erh\u00e4lt frischen Zuwachs: Mit blau-schwarzer L\u00fcnette ausgestattet, erscheint das &#8220;Batman&#8221; genannte Modell am fein gearbeiteten Jubil\u00e9-Armband.<\/p>\n<p><img loading=\"lazy\" decoding=\"async\" class=\"aligncenter wp-image-16356 size-full\" title=\"Rolex Day-Date | Modell Nr.: 118139\" src=\"https:\/\/www.uhrinstinkt.de\/magazin\/wp-content\/uploads\/2019\/03\/Rolex-Day-Date.jpg\" alt=\"Rolex Day-Date\" width=\"620\" height=\"389\" srcset=\"https:\/\/www.uhrinstinkt.de\/magazin\/wp-content\/uploads\/2019\/03\/Rolex-Day-Date.jpg 620w, https:\/\/www.uhrinstinkt.de\/magazin\/wp-content\/uploads\/2019\/03\/Rolex-Day-Date-300x188.jpg 300w\" sizes=\"auto, (max-width: 620px) 100vw, 620px\" \/><\/p>\n<p style=\"text-align: justify;\">Eine weitere Neuheit stellt die neue Generation der <a href=\"https:\/\/www.uhrinstinkt.de\/uhren\/rolex\/day-date\/\">Day-Date 36<\/a> dar, die zwei Varianten mit konzentrischem D\u00e9grad\u00e9 umfasst: Die blauen und gr\u00fcnen Zifferbl\u00e4tter werden zum Rande hin dunkler, was den Uhren einen plastischen, fast schon geheimnisvollen Look verleiht. Abgerundet wird die Reihe der Rolex Baselworld Premieren durch neue Varianten der <a href=\"https:\/\/www.uhrinstinkt.de\/uhren\/rolex\/datejust-31\/\">Datejust 31<\/a> und 36, die nun in &#8220;Rolesor Wei\u00df&#8221;, einer Kombination aus Edelstahl und Gold, verf\u00fcgbar sind.<\/p>\n<h2>Tudor Highlights: Erweiterungen der Black Bay Kollektion<\/h2>\n<p style=\"text-align: justify;\">Bei <a href=\"https:\/\/www.uhrinstinkt.de\/uhren\/tudor\/\">Tudor<\/a> konnte man auf der Baseler Uhrenmesse ebenfalls mehrere Neuheiten kennenlernen, zu denen neben der Black Bay P01 auch die Black Bay Chrono S&amp;G z\u00e4hlte. Dabei sticht vor allem das Geh\u00e4use der P01 hervor, das \u00fcber ein spezielles Blockiersystem f\u00fcr den Tauchdrehring verf\u00fcgt. Dieses erm\u00f6glicht dem Zeitanzeiger im Gegensatz zu den meisten anderen Taucheruhren eine beidseitig drehbare L\u00fcnette, die \u00fcber ein klappbares Edelstahl-Element bei 12 Uhr fixiert wird. Trotz dieser intelligenten L\u00f6sung muss das Modell auch negative Kritiken ertragen, was im Wesentlichen seiner speziellen, in manchen Augen klobigen Form zuzuschreiben ist.<\/p>\n<p>\u00a0 \u00a0 \u00a0 \u00a0<a href=\"https:\/\/www.uhrinstinkt.de\/tudor-black-bay-41-m79540-0007.html\"><img loading=\"lazy\" decoding=\"async\" class=\"alignnone wp-image-16358 \" title=\"Tudor Black Bay 41 | Modell Nr.: M79540-0007\" src=\"https:\/\/www.uhrinstinkt.de\/magazin\/wp-content\/uploads\/2019\/03\/Tudor-Black-Bay-41.jpg\" alt=\"Tudor Black Bay 41\" width=\"246\" height=\"409\" srcset=\"https:\/\/www.uhrinstinkt.de\/magazin\/wp-content\/uploads\/2019\/03\/Tudor-Black-Bay-41.jpg 250w, https:\/\/www.uhrinstinkt.de\/magazin\/wp-content\/uploads\/2019\/03\/Tudor-Black-Bay-41-180x300.jpg 180w\" sizes=\"auto, (max-width: 246px) 100vw, 246px\" \/><\/a>\u00a0 \u00a0 \u00a0 \u00a0 \u00a0 \u00a0 \u00a0 \u00a0\u00a0<a href=\"https:\/\/www.uhrinstinkt.de\/tudor-black-bay-m79230b-0007.html\"><img loading=\"lazy\" decoding=\"async\" class=\"alignnone wp-image-16360 size-full\" title=\"Tudor Black Bay \" src=\"https:\/\/www.uhrinstinkt.de\/magazin\/wp-content\/uploads\/2019\/03\/Tudor-Black-Bay_.jpg\" alt=\"Tudor Black Bay M79230B-0007 \" width=\"250\" height=\"412\" srcset=\"https:\/\/www.uhrinstinkt.de\/magazin\/wp-content\/uploads\/2019\/03\/Tudor-Black-Bay_.jpg 250w, https:\/\/www.uhrinstinkt.de\/magazin\/wp-content\/uploads\/2019\/03\/Tudor-Black-Bay_-182x300.jpg 182w\" sizes=\"auto, (max-width: 250px) 100vw, 250px\" \/><\/a><\/p>\n<p style=\"text-align: justify;\">Weniger polarisierend zeigt sich die Black Bay Chrono S&amp;G, die eine neue Bicolor-Variante der beliebten Kollektion darstellt. Neben der Krone, der L\u00fcnette und den Dr\u00fcckern sind auch die mittleren Glieder des Armbands aus Gelbgold gefertigt, was dem 41 mm gro\u00dfen Chronographen einen exklusiven, aber dennoch dezenten Glanz verleiht. Sein Automatikkaliber MT5813 basiert auf dem Breitling-Kaliber B01, besitzt allerdings einen eigenen Rotor und die begehrte COSC-Chronometerzertifizierung. Experten sind zuversichtlich, dass sich mit den neuen <a href=\"https:\/\/www.uhrinstinkt.de\/uhren\/tudor\/black-bay\/\">Tudor Black Bay Uhren<\/a> der Erfolg der beliebten Serie fortsetzt.<\/p>\n<div class=\"BorlabsCookie _brlbs-cb-youtube\"><div class=\"_brlbs-content-blocker\"> <div class=\"_brlbs-embed _brlbs-video-youtube\"> <img class=\"_brlbs-thumbnail\" src=\"https:\/\/www.uhrinstinkt.de\/magazin\/wp-content\/plugins\/borlabs-cookie\/assets\/images\/cb-no-thumbnail.png\" alt=\"YouTube\"> <div class=\"_brlbs-caption\"> <p>Mit dem Laden des Videos akzeptieren Sie die Datenschutzerkl\u00e4rung von YouTube.<br><a href=\"https:\/\/policies.google.com\/privacy\" target=\"_blank\" rel=\"nofollow noopener noreferrer\">Mehr erfahren<\/a><\/p> <p><a class=\"_brlbs-btn _brlbs-icon-play-white\" href=\"#\" data-borlabs-cookie-unblock role=\"button\">Video laden<\/a><\/p> <p><label><input type=\"checkbox\" name=\"unblockAll\" value=\"1\" checked> <small>YouTube immer entsperren<\/small><\/label><\/p> <\/div> <\/div> <\/div><div class=\"borlabs-hide\" data-borlabs-cookie-type=\"content-blocker\" data-borlabs-cookie-id=\"youtube\"><script type=\"text\/template\">PHA+PGlmcmFtZSBsb2FkaW5nPSJsYXp5IiBzcmM9Imh0dHBzOi8vd3d3LnlvdXR1YmUtbm9jb29raWUuY29tL2VtYmVkL3FBNE84WGRQQzRFIiB3aWR0aD0iMTE5NSIgaGVpZ2h0PSI2NzIiIGZyYW1lYm9yZGVyPSIwIiBhbGxvd2Z1bGxzY3JlZW49ImFsbG93ZnVsbHNjcmVlbiI+PC9pZnJhbWU+PC9wPg==<\/script><\/div><\/div>\n<h2>Zur\u00fcck zu den Wurzeln: Breitling Navitimer Ref. 806 1959 Re-Edition<\/h2>\n<p style=\"text-align: justify;\">Zu den Baselworld Highlights 2019 z\u00e4hlte zweifelsfrei die Breitling Navitimer Ref. 806, die ihrem genau 60 Jahre alten, 1959er-Original von au\u00dfen wie innen sehr nahekommt. Nicht nur der Durchmesser von 40,9 mm, das komplett schwarze Zifferblatt und das Acrylglas, sondern auch die fein geperlte L\u00fcnette wurden exakt \u00fcbernommen. Angetrieben wird die <a href=\"https:\/\/www.uhrinstinkt.de\/uhren\/breitling\/navitimer-1-b01-chronograph-43\/\">Navitimer<\/a> von dem speziell entwickelten Handaufzugskaliber B09, das auf dem Manufakturwerk B01 basiert. Lediglich die erh\u00f6hte Wasserdichtigkeit von 30 Metern und der nun geschlossene statt gl\u00e4serne Geh\u00e4useboden sind wesentliche Unterschiede zum Vorg\u00e4nger.<\/p>\n<p><a href=\"https:\/\/www.uhrinstinkt.de\/breitling-navitimer-1-automatic-38-a17325241b1a1.html\"><img loading=\"lazy\" decoding=\"async\" class=\"aligncenter wp-image-16362 size-full\" title=\"Breitling Navitimer 1 Automatic 38 | Modell Nr.: A17325241B1A1\" src=\"https:\/\/www.uhrinstinkt.de\/magazin\/wp-content\/uploads\/2019\/03\/Breitling-Navitimer-1-Automatic-38.jpg\" alt=\"Breitling Navitimer 1 Automatic 38\" width=\"620\" height=\"334\" srcset=\"https:\/\/www.uhrinstinkt.de\/magazin\/wp-content\/uploads\/2019\/03\/Breitling-Navitimer-1-Automatic-38.jpg 620w, https:\/\/www.uhrinstinkt.de\/magazin\/wp-content\/uploads\/2019\/03\/Breitling-Navitimer-1-Automatic-38-300x162.jpg 300w\" sizes=\"auto, (max-width: 620px) 100vw, 620px\" \/><\/a><\/p>\n<p style=\"text-align: justify;\">Auch die neuen Navitimer Airlines Editions sind echte Highlights und versetzen uns in ein anderes Zeitalter. In den sechziger und siebziger Jahren, die vor allem durch die Fluglinien PanAm, TWA und Swiss Air gepr\u00e4gt waren, entwickelte sich der Passagierflug vom Luxusgut allm\u00e4hlich zum erschwinglichen Transportweg f\u00fcr die breite Masse. Auf der Baseler Uhrenmesse pr\u00e4sentierte Breitling ein eigenes <a href=\"https:\/\/www.uhrinstinkt.de\/uhren\/breitling\/navitimer-1-automatic-38\/\">Navitimer 1<\/a> Sondermodell f\u00fcr jede dieser Airlines, wobei alle Ausf\u00fchrungen \u00fcber das Manufakturkaliber B01 verf\u00fcgen.<\/p>\n<p>\u00a0 \u00a0 \u00a0<a href=\"https:\/\/www.uhrinstinkt.de\/breitling-superocean-44-special-y1739316.c959.158s.a20ss.1.html\"><img loading=\"lazy\" decoding=\"async\" class=\"alignnone wp-image-16364 size-full\" title=\"Breitling Superocean 44 Special | Modell Nr.: Y1739316.C959.158S.A20SS.1\" src=\"https:\/\/www.uhrinstinkt.de\/magazin\/wp-content\/uploads\/2019\/03\/Breitling-Superocean-44-Special.jpg\" alt=\"Breitling Superocean 44 Special\" width=\"250\" height=\"395\" srcset=\"https:\/\/www.uhrinstinkt.de\/magazin\/wp-content\/uploads\/2019\/03\/Breitling-Superocean-44-Special.jpg 250w, https:\/\/www.uhrinstinkt.de\/magazin\/wp-content\/uploads\/2019\/03\/Breitling-Superocean-44-Special-190x300.jpg 190w\" sizes=\"auto, (max-width: 250px) 100vw, 250px\" \/><\/a>\u00a0 \u00a0 \u00a0 \u00a0 \u00a0 \u00a0 \u00a0 \u00a0 \u00a0\u00a0<a href=\"https:\/\/www.uhrinstinkt.de\/breitling-superocean-44-special-y1739310.bf45.152s.a20ss.1.html\"><img loading=\"lazy\" decoding=\"async\" class=\"alignnone wp-image-16365 size-full\" title=\"Breitling Superocean 44 Special | Modell Nr.: Y1739310.BF45.152S.A20SS.1\" src=\"https:\/\/www.uhrinstinkt.de\/magazin\/wp-content\/uploads\/2019\/03\/Breitling-Superocean-44-Special_.jpg\" alt=\"Breitling Superocean 44 Special\" width=\"250\" height=\"394\" srcset=\"https:\/\/www.uhrinstinkt.de\/magazin\/wp-content\/uploads\/2019\/03\/Breitling-Superocean-44-Special_.jpg 250w, https:\/\/www.uhrinstinkt.de\/magazin\/wp-content\/uploads\/2019\/03\/Breitling-Superocean-44-Special_-190x300.jpg 190w\" sizes=\"auto, (max-width: 250px) 100vw, 250px\" \/><\/a><\/p>\n<p style=\"text-align: justify;\">Wassersportler-Highlights waren auf der Baselworld neben der Black Bay die Erneuerung der <a href=\"https:\/\/www.uhrinstinkt.de\/uhren\/breitling\/superocean-44-special\/\">Breitling Superocean<\/a>, die nun in zahlreichen Gr\u00f6\u00dfen und Farben bereitsteht. F\u00fcr schlanke Handgelenke wohl ziemlich ungeeignet, sorgte vor allem die Superocean 48 mit ihrem Durchmesser von 48 mm f\u00fcr Aufsehen. An der Funktionalit\u00e4t und Robustheit der Serie hat sich allerdings nichts ge\u00e4ndert, erbringt sie nach wie vor eine beachtliche Wasserdichtigkeit bis 300 m.<\/p>\n<h2>Weitere Baselworld Premieren: TAG Heuer, Zenith und Sinn<\/h2>\n<p style=\"text-align: justify;\"><a href=\"https:\/\/www.uhrinstinkt.de\/uhren\/tag-heuer\/\">TAG Heuer<\/a> nutzte die Baselworld 2019 zur Vorstellung seiner neuen <a href=\"https:\/\/www.uhrinstinkt.de\/uhren\/tag-heuer\/autavia\/\">Autavia Kollektion<\/a>. Die vielseitige Reihe wird vom Automatikwerk Calibre 5 angetrieben, das auf dem ETA 2814 basiert und eine neue, von TAG Heuer eigens entwickelte Spiralfeder aus Kohlenstoff besitzt. Neben der schmalen, mit Stunden- und Minutenziffern versehenen L\u00fcnette f\u00e4llt vor allem die m\u00e4chtige Krone ins Auge, deren mittig angelegte Rille an die historischen Heuer-Borduhren der 1930er-Jahre angelehnt ist.<\/p>\n<p><a href=\"https:\/\/www.uhrinstinkt.de\/tag-heuer-autavia-calibre-heuer-02-automatic-chronograph-42mm-cbe2110.fc8226.html\"><img loading=\"lazy\" decoding=\"async\" class=\"aligncenter wp-image-16367 size-full\" title=\"Tag Heuer Autavia Calibre HEUER 02 Automatic Chronograph 42mm | Modell Nr.: CBE2110.FC8226\" src=\"https:\/\/www.uhrinstinkt.de\/magazin\/wp-content\/uploads\/2019\/03\/Tag-Heuer-Autavia-Calibre-HEUER-02-Automatic-Chronograph-42mm.jpg\" alt=\"Tag Heuer Autavia Calibre HEUER 02 Automatic Chronograph 42mm\" width=\"620\" height=\"436\" srcset=\"https:\/\/www.uhrinstinkt.de\/magazin\/wp-content\/uploads\/2019\/03\/Tag-Heuer-Autavia-Calibre-HEUER-02-Automatic-Chronograph-42mm.jpg 620w, https:\/\/www.uhrinstinkt.de\/magazin\/wp-content\/uploads\/2019\/03\/Tag-Heuer-Autavia-Calibre-HEUER-02-Automatic-Chronograph-42mm-300x211.jpg 300w\" sizes=\"auto, (max-width: 620px) 100vw, 620px\" \/><\/a><\/p>\n<p style=\"text-align: justify;\">Gleicherma\u00dfen innovativ wie exklusiv zeigt sich die neue Zenith Defy Inventor: Der skelettierte Zeitanzeiger besitzt ein in der Uhrenbranche vollkommen neuartiges Regulierorgan, das im Gegensatz zu herk\u00f6mmlichen Versionen aus nur einem statt 30 Bauteilen besteht. Diese Bauweise z\u00e4hlt zu den absoluten Highlights der Uhrenmesse und erm\u00f6glicht eine enorme Resistenz gegen\u00fcber Temperaturschwankungen und Magnetfeldern sowie einen gleichzeitig reduzierten Verschlei\u00df. Die L\u00fcnette der Defy Inventor f\u00e4llt sofort ins Auge, besteht sie aus dem ultraleichten Material Aeronith, einem aus Aluminiumschaum gefertigten Stoff. Selbst das moderne Titan-Geh\u00e4use der Uhr wirkt dadurch vergleichsweise konventionell.<\/p>\n<div class=\"BorlabsCookie _brlbs-cb-youtube\"><div class=\"_brlbs-content-blocker\"> <div class=\"_brlbs-embed _brlbs-video-youtube\"> <img class=\"_brlbs-thumbnail\" src=\"https:\/\/www.uhrinstinkt.de\/magazin\/wp-content\/plugins\/borlabs-cookie\/assets\/images\/cb-no-thumbnail.png\" alt=\"YouTube\"> <div class=\"_brlbs-caption\"> <p>Mit dem Laden des Videos akzeptieren Sie die Datenschutzerkl\u00e4rung von YouTube.<br><a href=\"https:\/\/policies.google.com\/privacy\" target=\"_blank\" rel=\"nofollow noopener noreferrer\">Mehr erfahren<\/a><\/p> <p><a class=\"_brlbs-btn _brlbs-icon-play-white\" href=\"#\" data-borlabs-cookie-unblock role=\"button\">Video laden<\/a><\/p> <p><label><input type=\"checkbox\" name=\"unblockAll\" value=\"1\" checked> <small>YouTube immer entsperren<\/small><\/label><\/p> <\/div> <\/div> <\/div><div class=\"borlabs-hide\" data-borlabs-cookie-type=\"content-blocker\" data-borlabs-cookie-id=\"youtube\"><script type=\"text\/template\">PHA+PGlmcmFtZSBsb2FkaW5nPSJsYXp5IiBzcmM9Imh0dHBzOi8vd3d3LnlvdXR1YmUtbm9jb29raWUuY29tL2VtYmVkL0I4WjByTlRyZkxJIiB3aWR0aD0iMTE5NSIgaGVpZ2h0PSI2NzIiIGZyYW1lYm9yZGVyPSIwIiBhbGxvd2Z1bGxzY3JlZW49ImFsbG93ZnVsbHNjcmVlbiI+PC9pZnJhbWU+PC9wPg==<\/script><\/div><\/div>\n<p style=\"text-align: justify;\">Etwas bodenst\u00e4ndiger, aber gewohnt fortschrittlich zeigte sich die <a href=\"https:\/\/www.uhrinstinkt.de\/uhren\/sinn\/\">Frankfurter Manufaktur Sinn<\/a>: Sie stellte auf der Baseler Uhrenmesse die 206 Arktis II vor, die an ihren vor genau 20 Jahren lancierten Vorg\u00e4nger ankn\u00fcpft. Er war im Jahre 1999 der erste Taucherchronograph mit einer speziellen Temperaturresistenztechnologie, die eine problemlose Funktionsweise von -45 \u00b0C bis +80 \u00b0C sicherstellt. Die Neuauflage zeigt sich in frischem Gewand und besitzt nun einen Durchmesser von 43 mm statt den 41 mm des Originals.<\/p>\n","protected":false},"excerpt":{"rendered":"<p>\u00ab Das waren die Highlights der Uhrenmesse \u00bb Gro\u00dfe Neuerungen, kleine Modifikationen und viele \u00dcberraschungen: Vom 21. bis 26. M\u00e4rz 2019 wurde Basel wieder zum Weltzentrum der Uhrenbranche. Schon im Voraus erwartete man die Premieren der Hersteller mit Spannung \u2013 aber konnten die neuen Zeitanzeiger auch \u00fcberzeugen? Sehen wir uns die Baselworld Highlights 2019 genauer &hellip;<\/p>\n","protected":false},"author":1,"featured_media":16373,"comment_status":"closed","ping_status":"open","sticky":false,"template":"","format":"standard","meta":{"footnotes":""},"categories":[11],"tags":[45,884,49,902,903,41,901,720,900,799,60,119,717,583],"class_list":["post-16350","post","type-post","status-publish","format-standard","has-post-thumbnail","hentry","category-neuheiten-szene","tag-baselworld","tag-baselworld-2019","tag-breitling","tag-breitling-navitimer","tag-breitling-superocean","tag-rolex","tag-rolex-gmt-master","tag-rolex-sea-dweller","tag-rolex-yacht-master","tag-sinn","tag-tag-heuer","tag-tudor","tag-tudor-black-bay","tag-uhrenmesse"],"yoast_head":"<!-- This site is optimized with the Yoast SEO plugin v22.5 - https:\/\/yoast.com\/wordpress\/plugins\/seo\/ -->\n<title>Baselworld 2019 Highlights und Premieren - Uhrinstinkt Magazin<\/title>\n<meta name=\"description\" content=\"Das Uhrinstinkt Magazin berichtet \u00fcber Highlights und Premieren von der Baselworld 2019! \u2013 Erfahren Sie alles zur sich wandelnden Uhrenmesse \u2714\" \/>\n<meta name=\"robots\" content=\"index, follow, max-snippet:-1, max-image-preview:large, max-video-preview:-1\" \/>\n<link rel=\"canonical\" href=\"https:\/\/www.uhrinstinkt.de\/magazin\/baselworld-2019-highlights-und-premieren\/\" \/>\n<meta property=\"og:locale\" content=\"de_DE\" \/>\n<meta property=\"og:type\" content=\"article\" \/>\n<meta property=\"og:title\" content=\"Baselworld 2019 Highlights und Premieren - Uhrinstinkt Magazin\" \/>\n<meta property=\"og:description\" content=\"Das Uhrinstinkt Magazin berichtet \u00fcber Highlights und Premieren von der Baselworld 2019! \u2013 Erfahren Sie alles zur sich wandelnden Uhrenmesse \u2714\" \/>\n<meta property=\"og:url\" content=\"https:\/\/www.uhrinstinkt.de\/magazin\/baselworld-2019-highlights-und-premieren\/\" \/>\n<meta property=\"og:site_name\" content=\"Uhrinstinkt Magazin\" \/>\n<meta property=\"article:publisher\" content=\"https:\/\/www.facebook.com\/uhrinstinkt.de\" \/>\n<meta property=\"article:published_time\" content=\"2019-03-26T10:58:38+00:00\" \/>\n<meta property=\"article:modified_time\" content=\"2021-04-15T14:01:07+00:00\" \/>\n<meta property=\"og:image\" content=\"https:\/\/www.uhrinstinkt.de\/magazin\/wp-content\/uploads\/2019\/03\/Uhrenmesse.jpg\" \/>\n\t<meta property=\"og:image:width\" content=\"660\" \/>\n\t<meta property=\"og:image:height\" content=\"398\" \/>\n\t<meta property=\"og:image:type\" content=\"image\/jpeg\" \/>\n<meta name=\"author\" content=\"Admin\" \/>\n<meta name=\"twitter:card\" content=\"summary_large_image\" \/>\n<meta name=\"twitter:creator\" content=\"@uhrinstinkt\" \/>\n<meta name=\"twitter:site\" content=\"@uhrinstinkt\" \/>\n<meta name=\"twitter:label1\" content=\"Verfasst von\" \/>\n\t<meta name=\"twitter:data1\" content=\"Admin\" \/>\n\t<meta name=\"twitter:label2\" content=\"Gesch\u00e4tzte Lesezeit\" \/>\n\t<meta name=\"twitter:data2\" content=\"5\u00a0Minuten\" \/>\n<script type=\"application\/ld+json\" class=\"yoast-schema-graph\">{\"@context\":\"https:\/\/schema.org\",\"@graph\":[{\"@type\":\"Article\",\"@id\":\"https:\/\/www.uhrinstinkt.de\/magazin\/baselworld-2019-highlights-und-premieren\/#article\",\"isPartOf\":{\"@id\":\"https:\/\/www.uhrinstinkt.de\/magazin\/baselworld-2019-highlights-und-premieren\/\"},\"author\":{\"name\":\"Admin\",\"@id\":\"https:\/\/www.uhrinstinkt.de\/magazin\/#\/schema\/person\/960ff76add8c05a574d3c3a6800c6965\"},\"headline\":\"Baselworld 2019 Highlights und Premieren\",\"datePublished\":\"2019-03-26T10:58:38+00:00\",\"dateModified\":\"2021-04-15T14:01:07+00:00\",\"mainEntityOfPage\":{\"@id\":\"https:\/\/www.uhrinstinkt.de\/magazin\/baselworld-2019-highlights-und-premieren\/\"},\"wordCount\":1019,\"publisher\":{\"@id\":\"https:\/\/www.uhrinstinkt.de\/magazin\/#organization\"},\"image\":{\"@id\":\"https:\/\/www.uhrinstinkt.de\/magazin\/baselworld-2019-highlights-und-premieren\/#primaryimage\"},\"thumbnailUrl\":\"https:\/\/www.uhrinstinkt.de\/magazin\/wp-content\/uploads\/2019\/03\/Uhrenmesse.jpg\",\"keywords\":[\"Baselworld\",\"Baselworld 2019\",\"Breitling\",\"Breitling Navitimer\",\"Breitling Superocean\",\"Rolex\",\"Rolex GMT-Master\",\"Rolex Sea-Dweller\",\"Rolex Yacht-Master\",\"Sinn\",\"Tag Heuer\",\"Tudor\",\"Tudor Black Bay\",\"Uhrenmesse\"],\"articleSection\":[\"Neuheiten &amp; Szene\"],\"inLanguage\":\"de\"},{\"@type\":\"WebPage\",\"@id\":\"https:\/\/www.uhrinstinkt.de\/magazin\/baselworld-2019-highlights-und-premieren\/\",\"url\":\"https:\/\/www.uhrinstinkt.de\/magazin\/baselworld-2019-highlights-und-premieren\/\",\"name\":\"Baselworld 2019 Highlights und Premieren - Uhrinstinkt Magazin\",\"isPartOf\":{\"@id\":\"https:\/\/www.uhrinstinkt.de\/magazin\/#website\"},\"primaryImageOfPage\":{\"@id\":\"https:\/\/www.uhrinstinkt.de\/magazin\/baselworld-2019-highlights-und-premieren\/#primaryimage\"},\"image\":{\"@id\":\"https:\/\/www.uhrinstinkt.de\/magazin\/baselworld-2019-highlights-und-premieren\/#primaryimage\"},\"thumbnailUrl\":\"https:\/\/www.uhrinstinkt.de\/magazin\/wp-content\/uploads\/2019\/03\/Uhrenmesse.jpg\",\"datePublished\":\"2019-03-26T10:58:38+00:00\",\"dateModified\":\"2021-04-15T14:01:07+00:00\",\"description\":\"Das Uhrinstinkt Magazin berichtet \u00fcber Highlights und Premieren von der Baselworld 2019! \u2013 Erfahren Sie alles zur sich wandelnden Uhrenmesse \u2714\",\"breadcrumb\":{\"@id\":\"https:\/\/www.uhrinstinkt.de\/magazin\/baselworld-2019-highlights-und-premieren\/#breadcrumb\"},\"inLanguage\":\"de\",\"potentialAction\":[{\"@type\":\"ReadAction\",\"target\":[\"https:\/\/www.uhrinstinkt.de\/magazin\/baselworld-2019-highlights-und-premieren\/\"]}]},{\"@type\":\"ImageObject\",\"inLanguage\":\"de\",\"@id\":\"https:\/\/www.uhrinstinkt.de\/magazin\/baselworld-2019-highlights-und-premieren\/#primaryimage\",\"url\":\"https:\/\/www.uhrinstinkt.de\/magazin\/wp-content\/uploads\/2019\/03\/Uhrenmesse.jpg\",\"contentUrl\":\"https:\/\/www.uhrinstinkt.de\/magazin\/wp-content\/uploads\/2019\/03\/Uhrenmesse.jpg\",\"width\":660,\"height\":398,\"caption\":\"\u00a9 agcreativelab \u2013 stock.adobe.com\"},{\"@type\":\"BreadcrumbList\",\"@id\":\"https:\/\/www.uhrinstinkt.de\/magazin\/baselworld-2019-highlights-und-premieren\/#breadcrumb\",\"itemListElement\":[{\"@type\":\"ListItem\",\"position\":1,\"name\":\"Home\",\"item\":\"https:\/\/www.uhrinstinkt.de\/magazin\/\"},{\"@type\":\"ListItem\",\"position\":2,\"name\":\"Baselworld 2019 Highlights und Premieren\"}]},{\"@type\":\"WebSite\",\"@id\":\"https:\/\/www.uhrinstinkt.de\/magazin\/#website\",\"url\":\"https:\/\/www.uhrinstinkt.de\/magazin\/\",\"name\":\"Uhrinstinkt Magazin\",\"description\":\"\",\"publisher\":{\"@id\":\"https:\/\/www.uhrinstinkt.de\/magazin\/#organization\"},\"potentialAction\":[{\"@type\":\"SearchAction\",\"target\":{\"@type\":\"EntryPoint\",\"urlTemplate\":\"https:\/\/www.uhrinstinkt.de\/magazin\/?s={search_term_string}\"},\"query-input\":\"required name=search_term_string\"}],\"inLanguage\":\"de\"},{\"@type\":\"Organization\",\"@id\":\"https:\/\/www.uhrinstinkt.de\/magazin\/#organization\",\"name\":\"Prestige Luxusuhren GmbH\",\"url\":\"https:\/\/www.uhrinstinkt.de\/magazin\/\",\"logo\":{\"@type\":\"ImageObject\",\"inLanguage\":\"de\",\"@id\":\"https:\/\/www.uhrinstinkt.de\/magazin\/#\/schema\/logo\/image\/\",\"url\":\"https:\/\/www.uhrinstinkt.de\/magazin\/wp-content\/uploads\/2019\/05\/logo-final-rev.png\",\"contentUrl\":\"https:\/\/www.uhrinstinkt.de\/magazin\/wp-content\/uploads\/2019\/05\/logo-final-rev.png\",\"width\":250,\"height\":50,\"caption\":\"Prestige Luxusuhren GmbH\"},\"image\":{\"@id\":\"https:\/\/www.uhrinstinkt.de\/magazin\/#\/schema\/logo\/image\/\"},\"sameAs\":[\"https:\/\/www.facebook.com\/uhrinstinkt.de\",\"https:\/\/x.com\/uhrinstinkt\",\"http:\/\/www.instagram.com\/uhrinstinkt\/\",\"http:\/\/www.youtube.com\/user\/uhrinstinkt\"]},{\"@type\":\"Person\",\"@id\":\"https:\/\/www.uhrinstinkt.de\/magazin\/#\/schema\/person\/960ff76add8c05a574d3c3a6800c6965\",\"name\":\"Admin\",\"image\":{\"@type\":\"ImageObject\",\"inLanguage\":\"de\",\"@id\":\"https:\/\/www.uhrinstinkt.de\/magazin\/#\/schema\/person\/image\/\",\"url\":\"https:\/\/secure.gravatar.com\/avatar\/a3449097ee9ad77b44f6829fd27ae4c26aee898e18298af72c8ad7de714c38ec?s=96&d=mm&r=g\",\"contentUrl\":\"https:\/\/secure.gravatar.com\/avatar\/a3449097ee9ad77b44f6829fd27ae4c26aee898e18298af72c8ad7de714c38ec?s=96&d=mm&r=g\",\"caption\":\"Admin\"}}]}<\/script>\n<!-- \/ Yoast SEO plugin. -->","yoast_head_json":{"title":"Baselworld 2019 Highlights und Premieren - Uhrinstinkt Magazin","description":"Das Uhrinstinkt Magazin berichtet \u00fcber Highlights und Premieren von der Baselworld 2019! \u2013 Erfahren Sie alles zur sich wandelnden Uhrenmesse \u2714","robots":{"index":"index","follow":"follow","max-snippet":"max-snippet:-1","max-image-preview":"max-image-preview:large","max-video-preview":"max-video-preview:-1"},"canonical":"https:\/\/www.uhrinstinkt.de\/magazin\/baselworld-2019-highlights-und-premieren\/","og_locale":"de_DE","og_type":"article","og_title":"Baselworld 2019 Highlights und Premieren - Uhrinstinkt Magazin","og_description":"Das Uhrinstinkt Magazin berichtet \u00fcber Highlights und Premieren von der Baselworld 2019! \u2013 Erfahren Sie alles zur sich wandelnden Uhrenmesse \u2714","og_url":"https:\/\/www.uhrinstinkt.de\/magazin\/baselworld-2019-highlights-und-premieren\/","og_site_name":"Uhrinstinkt Magazin","article_publisher":"https:\/\/www.facebook.com\/uhrinstinkt.de","article_published_time":"2019-03-26T10:58:38+00:00","article_modified_time":"2021-04-15T14:01:07+00:00","og_image":[{"width":660,"height":398,"url":"https:\/\/www.uhrinstinkt.de\/magazin\/wp-content\/uploads\/2019\/03\/Uhrenmesse.jpg","type":"image\/jpeg"}],"author":"Admin","twitter_card":"summary_large_image","twitter_creator":"@uhrinstinkt","twitter_site":"@uhrinstinkt","twitter_misc":{"Verfasst von":"Admin","Gesch\u00e4tzte Lesezeit":"5\u00a0Minuten"},"schema":{"@context":"https:\/\/schema.org","@graph":[{"@type":"Article","@id":"https:\/\/www.uhrinstinkt.de\/magazin\/baselworld-2019-highlights-und-premieren\/#article","isPartOf":{"@id":"https:\/\/www.uhrinstinkt.de\/magazin\/baselworld-2019-highlights-und-premieren\/"},"author":{"name":"Admin","@id":"https:\/\/www.uhrinstinkt.de\/magazin\/#\/schema\/person\/960ff76add8c05a574d3c3a6800c6965"},"headline":"Baselworld 2019 Highlights und Premieren","datePublished":"2019-03-26T10:58:38+00:00","dateModified":"2021-04-15T14:01:07+00:00","mainEntityOfPage":{"@id":"https:\/\/www.uhrinstinkt.de\/magazin\/baselworld-2019-highlights-und-premieren\/"},"wordCount":1019,"publisher":{"@id":"https:\/\/www.uhrinstinkt.de\/magazin\/#organization"},"image":{"@id":"https:\/\/www.uhrinstinkt.de\/magazin\/baselworld-2019-highlights-und-premieren\/#primaryimage"},"thumbnailUrl":"https:\/\/www.uhrinstinkt.de\/magazin\/wp-content\/uploads\/2019\/03\/Uhrenmesse.jpg","keywords":["Baselworld","Baselworld 2019","Breitling","Breitling Navitimer","Breitling Superocean","Rolex","Rolex GMT-Master","Rolex Sea-Dweller","Rolex Yacht-Master","Sinn","Tag Heuer","Tudor","Tudor Black Bay","Uhrenmesse"],"articleSection":["Neuheiten &amp; Szene"],"inLanguage":"de"},{"@type":"WebPage","@id":"https:\/\/www.uhrinstinkt.de\/magazin\/baselworld-2019-highlights-und-premieren\/","url":"https:\/\/www.uhrinstinkt.de\/magazin\/baselworld-2019-highlights-und-premieren\/","name":"Baselworld 2019 Highlights und Premieren - Uhrinstinkt Magazin","isPartOf":{"@id":"https:\/\/www.uhrinstinkt.de\/magazin\/#website"},"primaryImageOfPage":{"@id":"https:\/\/www.uhrinstinkt.de\/magazin\/baselworld-2019-highlights-und-premieren\/#primaryimage"},"image":{"@id":"https:\/\/www.uhrinstinkt.de\/magazin\/baselworld-2019-highlights-und-premieren\/#primaryimage"},"thumbnailUrl":"https:\/\/www.uhrinstinkt.de\/magazin\/wp-content\/uploads\/2019\/03\/Uhrenmesse.jpg","datePublished":"2019-03-26T10:58:38+00:00","dateModified":"2021-04-15T14:01:07+00:00","description":"Das Uhrinstinkt Magazin berichtet \u00fcber Highlights und Premieren von der Baselworld 2019! \u2013 Erfahren Sie alles zur sich wandelnden Uhrenmesse \u2714","breadcrumb":{"@id":"https:\/\/www.uhrinstinkt.de\/magazin\/baselworld-2019-highlights-und-premieren\/#breadcrumb"},"inLanguage":"de","potentialAction":[{"@type":"ReadAction","target":["https:\/\/www.uhrinstinkt.de\/magazin\/baselworld-2019-highlights-und-premieren\/"]}]},{"@type":"ImageObject","inLanguage":"de","@id":"https:\/\/www.uhrinstinkt.de\/magazin\/baselworld-2019-highlights-und-premieren\/#primaryimage","url":"https:\/\/www.uhrinstinkt.de\/magazin\/wp-content\/uploads\/2019\/03\/Uhrenmesse.jpg","contentUrl":"https:\/\/www.uhrinstinkt.de\/magazin\/wp-content\/uploads\/2019\/03\/Uhrenmesse.jpg","width":660,"height":398,"caption":"\u00a9 agcreativelab \u2013 stock.adobe.com"},{"@type":"BreadcrumbList","@id":"https:\/\/www.uhrinstinkt.de\/magazin\/baselworld-2019-highlights-und-premieren\/#breadcrumb","itemListElement":[{"@type":"ListItem","position":1,"name":"Home","item":"https:\/\/www.uhrinstinkt.de\/magazin\/"},{"@type":"ListItem","position":2,"name":"Baselworld 2019 Highlights und Premieren"}]},{"@type":"WebSite","@id":"https:\/\/www.uhrinstinkt.de\/magazin\/#website","url":"https:\/\/www.uhrinstinkt.de\/magazin\/","name":"Uhrinstinkt Magazin","description":"","publisher":{"@id":"https:\/\/www.uhrinstinkt.de\/magazin\/#organization"},"potentialAction":[{"@type":"SearchAction","target":{"@type":"EntryPoint","urlTemplate":"https:\/\/www.uhrinstinkt.de\/magazin\/?s={search_term_string}"},"query-input":"required name=search_term_string"}],"inLanguage":"de"},{"@type":"Organization","@id":"https:\/\/www.uhrinstinkt.de\/magazin\/#organization","name":"Prestige Luxusuhren GmbH","url":"https:\/\/www.uhrinstinkt.de\/magazin\/","logo":{"@type":"ImageObject","inLanguage":"de","@id":"https:\/\/www.uhrinstinkt.de\/magazin\/#\/schema\/logo\/image\/","url":"https:\/\/www.uhrinstinkt.de\/magazin\/wp-content\/uploads\/2019\/05\/logo-final-rev.png","contentUrl":"https:\/\/www.uhrinstinkt.de\/magazin\/wp-content\/uploads\/2019\/05\/logo-final-rev.png","width":250,"height":50,"caption":"Prestige Luxusuhren GmbH"},"image":{"@id":"https:\/\/www.uhrinstinkt.de\/magazin\/#\/schema\/logo\/image\/"},"sameAs":["https:\/\/www.facebook.com\/uhrinstinkt.de","https:\/\/x.com\/uhrinstinkt","http:\/\/www.instagram.com\/uhrinstinkt\/","http:\/\/www.youtube.com\/user\/uhrinstinkt"]},{"@type":"Person","@id":"https:\/\/www.uhrinstinkt.de\/magazin\/#\/schema\/person\/960ff76add8c05a574d3c3a6800c6965","name":"Admin","image":{"@type":"ImageObject","inLanguage":"de","@id":"https:\/\/www.uhrinstinkt.de\/magazin\/#\/schema\/person\/image\/","url":"https:\/\/secure.gravatar.com\/avatar\/a3449097ee9ad77b44f6829fd27ae4c26aee898e18298af72c8ad7de714c38ec?s=96&d=mm&r=g","contentUrl":"https:\/\/secure.gravatar.com\/avatar\/a3449097ee9ad77b44f6829fd27ae4c26aee898e18298af72c8ad7de714c38ec?s=96&d=mm&r=g","caption":"Admin"}}]}},"_links":{"self":[{"href":"https:\/\/www.uhrinstinkt.de\/magazin\/wp-json\/wp\/v2\/posts\/16350","targetHints":{"allow":["GET"]}}],"collection":[{"href":"https:\/\/www.uhrinstinkt.de\/magazin\/wp-json\/wp\/v2\/posts"}],"about":[{"href":"https:\/\/www.uhrinstinkt.de\/magazin\/wp-json\/wp\/v2\/types\/post"}],"author":[{"embeddable":true,"href":"https:\/\/www.uhrinstinkt.de\/magazin\/wp-json\/wp\/v2\/users\/1"}],"replies":[{"embeddable":true,"href":"https:\/\/www.uhrinstinkt.de\/magazin\/wp-json\/wp\/v2\/comments?post=16350"}],"version-history":[{"count":17,"href":"https:\/\/www.uhrinstinkt.de\/magazin\/wp-json\/wp\/v2\/posts\/16350\/revisions"}],"predecessor-version":[{"id":26758,"href":"https:\/\/www.uhrinstinkt.de\/magazin\/wp-json\/wp\/v2\/posts\/16350\/revisions\/26758"}],"wp:featuredmedia":[{"embeddable":true,"href":"https:\/\/www.uhrinstinkt.de\/magazin\/wp-json\/wp\/v2\/media\/16373"}],"wp:attachment":[{"href":"https:\/\/www.uhrinstinkt.de\/magazin\/wp-json\/wp\/v2\/media?parent=16350"}],"wp:term":[{"taxonomy":"category","embeddable":true,"href":"https:\/\/www.uhrinstinkt.de\/magazin\/wp-json\/wp\/v2\/categories?post=16350"},{"taxonomy":"post_tag","embeddable":true,"href":"https:\/\/www.uhrinstinkt.de\/magazin\/wp-json\/wp\/v2\/tags?post=16350"}],"curies":[{"name":"wp","href":"https:\/\/api.w.org\/{rel}","templated":true}]}}