{"id":13340,"date":"2018-09-14T12:02:16","date_gmt":"2018-09-14T10:02:16","guid":{"rendered":"https:\/\/www.uhrinstinkt.de\/magazin\/?p=13340"},"modified":"2018-09-14T14:52:01","modified_gmt":"2018-09-14T12:52:01","slug":"patrick-pruniaux-ceo-girard-perregaux","status":"publish","type":"post","link":"https:\/\/www.uhrinstinkt.de\/magazin\/patrick-pruniaux-ceo-girard-perregaux\/","title":{"rendered":"Patrick Pruniaux wird neuer CEO von Girard-Perregaux"},"content":{"rendered":"<h2>\u00ab Gemeinsamer Gesch\u00e4ftsf\u00fchrer f\u00fcr Ulysse-Nardin und Girard-Perregaux \u00bb<\/h2>\n<p style=\"text-align: justify;\"><strong>Seit dem 28. August 2017 ist Patrick Pruniaux der neue CEO der Schweizer Luxus-Uhrenhersteller <a href=\"https:\/\/www.uhrinstinkt.de\/uhren\/ulysse-nardin\/\">Ulysse-Nardin<\/a> und <a href=\"https:\/\/www.uhrinstinkt.de\/uhren\/girard-perregaux\/\">Girard-Perregaux<\/a>. Seine Biographie ist von Flexibilit\u00e4t und vielseitiger Erfahrung gezeichnet, denn der seit seiner Kindheit von Uhren begeisterte Pruniaux arbeitete bereits f\u00fcr <a href=\"https:\/\/www.uhrinstinkt.de\/uhren\/tag-heuer\/\">Tag Heuer<\/a> und betreute zudem die Entwicklung der Apple Watch. Zuk\u00fcnftig wird er wohl zu den wichtigsten Funktion\u00e4ren der Branche geh\u00f6ren, hat der Mutterkonzern Kering erst k\u00fcrzlich die F\u00fchrung beider Marken unter ein Dach gebracht.<\/strong><\/p>\n<h2>Zielstrebiger Vision\u00e4r mit beachtlicher Karriere<\/h2>\n<p style=\"text-align: justify;\">Betrachtet man die verschiedenen Typen von Unternehmensf\u00fchrern in der Uhrenindustrie, stechen zwei grunds\u00e4tzlich verschiedene Charaktere hervor: Auf der einen Seite der passionierte Ingenieur, der schon sein Leben lang mit dem Bau und der Entwicklung von Zeitanzeigern besch\u00e4ftigt ist, auf der anderen Seite der erfahrene Industriemanager, dessen Augenmerk auf der Maximierung des Shareholder Value liegt. Die Karriere von Patrick Pruniaux zeigt, dass ihm beide Rollen liegen:<\/p>\n<blockquote>\n<p style=\"text-align: justify;\">W\u00e4hrend er ab 2000 beim Luxusg\u00fcterkonzern LVMH f\u00fcr den Verkauf von Spirituosen in Lateinamerika verantwortlich war, hatte er bei Tag Heuer die Funktion des Vice President Global Sales &amp; Retail inne.<\/p>\n<\/blockquote>\n<p style=\"text-align: justify;\">Von 2010 bis 2014 konzentrierte er sich dort auf die Optimierung von Vertriebswegen sowie den Ausbau des internationalen Gesch\u00e4fts. Hier war der Uhrenbegeisterte voll in seinem Element, hatte aber auch mit den Herausforderungen der Zeit zu k\u00e4mpfen.<\/p>\n<div class=\"BorlabsCookie _brlbs-cb-youtube\"><div class=\"_brlbs-content-blocker\"> <div class=\"_brlbs-embed _brlbs-video-youtube\"> <img class=\"_brlbs-thumbnail\" src=\"https:\/\/www.uhrinstinkt.de\/magazin\/wp-content\/plugins\/borlabs-cookie\/assets\/images\/cb-no-thumbnail.png\" alt=\"YouTube\"> <div class=\"_brlbs-caption\"> <p>Mit dem Laden des Videos akzeptieren Sie die Datenschutzerkl\u00e4rung von YouTube.<br><a href=\"https:\/\/policies.google.com\/privacy\" target=\"_blank\" rel=\"nofollow noopener noreferrer\">Mehr erfahren<\/a><\/p> <p><a class=\"_brlbs-btn _brlbs-icon-play-white\" href=\"#\" data-borlabs-cookie-unblock role=\"button\">Video laden<\/a><\/p> <p><label><input type=\"checkbox\" name=\"unblockAll\" value=\"1\" checked> <small>YouTube immer entsperren<\/small><\/label><\/p> <\/div> <\/div> <\/div><div class=\"borlabs-hide\" data-borlabs-cookie-type=\"content-blocker\" data-borlabs-cookie-id=\"youtube\"><script type=\"text\/template\">PHA+PGlmcmFtZSBsb2FkaW5nPSJsYXp5IiBzcmM9Imh0dHBzOi8vd3d3LnlvdXR1YmUtbm9jb29raWUuY29tL2VtYmVkL2hNd1hjTmpHSlg4P3JlbD0wIiB3aWR0aD0iNTYwIiBoZWlnaHQ9IjMxNSIgZnJhbWVib3JkZXI9IjAiIGFsbG93ZnVsbHNjcmVlbj0iYWxsb3dmdWxsc2NyZWVuIj48L2lmcmFtZT48L3A+<\/script><\/div><\/div>\n<p style=\"text-align: justify;\">Vor allem der Versuch, in den Markt f\u00fcr Luxus-Mobiltelefone einzusteigen, erwies sich als Misserfolg Tag Heuers \u2013 wie alle anderen Hersteller auch, wurde der radikale Wechsel zum Smartphone untersch\u00e4tzt. Seit 2005 im Unternehmen, versp\u00fcrte er nach neun Jahren den Drang, etwas vollkommen Neues zu wagen. Der Weg sollte ihn weiter aus der Schweiz f\u00fchren, als er es selbst vermutet h\u00e4tte.<\/p>\n<h2>Mitverantwortlich f\u00fcr den Erfolg der Apple Watch<\/h2>\n<p style=\"text-align: justify;\">Talentiert und ehrgeizig war Patrick Pruniaux schon in jungen Jahren: Nach der Erlangung eines MBA-Titels an der HEC Paris sowie der London Business School entschied er sich, seine Leidenschaft f\u00fcr Uhren mit der Vorliebe f\u00fcr Sport zu vereinen \u2013 Tag Heuer erwies sich also als idealer Arbeitsplatz f\u00fcr den freizeitm\u00e4\u00dfigen Segler, Kitesurfer und Freitaucher.<\/p>\n<p style=\"text-align: justify;\">2014 aber bekam er ein Angebot beim weltber\u00fchmten Technologieunternehmen aus Cupertino \u2013 ohne genau zu wissen, was ihn dort erwartet.<\/p>\n<blockquote>\n<p style=\"text-align: justify;\">Man kann es sich so vorstellen: Er bekam einen Arbeitsvertrag mit Titel und Lohn vorgelegt, der keinerlei Informationen \u00fcber die genaue T\u00e4tigkeit enthielt.<\/p>\n<\/blockquote>\n<p style=\"text-align: justify;\">Der Herausforderungen liebende Patrick Pruniaux unterschrieb und sollte in den folgenden drei Jahren ein besonderes Projekt betreuen. Dabei handelte es sich um nichts geringeres als die Apple Watch, die sich f\u00fcr das Gro\u00dfunternehmen als \u00e4u\u00dferst erfolgreicher Einstieg in die Welt der Uhren erweisen sollte.<\/p>\n<div class=\"BorlabsCookie _brlbs-cb-youtube\"><div class=\"_brlbs-content-blocker\"> <div class=\"_brlbs-embed _brlbs-video-youtube\"> <img class=\"_brlbs-thumbnail\" src=\"https:\/\/www.uhrinstinkt.de\/magazin\/wp-content\/plugins\/borlabs-cookie\/assets\/images\/cb-no-thumbnail.png\" alt=\"YouTube\"> <div class=\"_brlbs-caption\"> <p>Mit dem Laden des Videos akzeptieren Sie die Datenschutzerkl\u00e4rung von YouTube.<br><a href=\"https:\/\/policies.google.com\/privacy\" target=\"_blank\" rel=\"nofollow noopener noreferrer\">Mehr erfahren<\/a><\/p> <p><a class=\"_brlbs-btn _brlbs-icon-play-white\" href=\"#\" data-borlabs-cookie-unblock role=\"button\">Video laden<\/a><\/p> <p><label><input type=\"checkbox\" name=\"unblockAll\" value=\"1\" checked> <small>YouTube immer entsperren<\/small><\/label><\/p> <\/div> <\/div> <\/div><div class=\"borlabs-hide\" data-borlabs-cookie-type=\"content-blocker\" data-borlabs-cookie-id=\"youtube\"><script type=\"text\/template\">PHA+PGlmcmFtZSBsb2FkaW5nPSJsYXp5IiBzcmM9Imh0dHBzOi8vd3d3LnlvdXR1YmUtbm9jb29raWUuY29tL2VtYmVkL0llMlhZV2dpUHk4P3JlbD0wIiB3aWR0aD0iNTYwIiBoZWlnaHQ9IjMxNSIgZnJhbWVib3JkZXI9IjAiIGFsbG93ZnVsbHNjcmVlbj0iYWxsb3dmdWxsc2NyZWVuIj48L2lmcmFtZT48L3A+<\/script><\/div><\/div>\n<p style=\"text-align: justify;\">Pruniaux\u00b4 Arbeitsweise unterschied sich dort massiv von der aus der Schweizer Heimat \u2013 unter anderem wurden Studien zum Handgelenksumfang durchgef\u00fchrt, um die perfekten Gr\u00f6\u00dfen des digitalen Zeitanzeigers zu ermitteln. Sp\u00e4ter sollte er die Zeit in Cupertino als immense Bereicherung beschreiben, die auch seine Denkweise als CEO bei Ulysse-Nardin und Girard-Perregaux pr\u00e4gen sollte.<\/p>\n<h2>Luxusmarken der obersten Liga<\/h2>\n<p style=\"text-align: justify;\">Die beiden Hersteller geh\u00f6ren zur Kering Group, die unter anderem auch Marken wie Gucci, Saint Laurent und Alexander McQueen umfasst. Sie z\u00e4hlen zu den exklusivsten und traditionsreichsten Anbietern auf dem Markt \u2013 Girard-Perregaux kann auf eine bis 1791 reichende Historie zur\u00fcckblicken und stellt haupts\u00e4chlich Meisterst\u00fccke im f\u00fcnfstelligen Preisbereich her.<\/p>\n<p><center><a href=\"https:\/\/www.uhrinstinkt.de\/girard-perregaux-1966-dual-time-49544-52-131-bbb0.html\"><img loading=\"lazy\" decoding=\"async\" class=\"alignnone wp-image-13366 size-full\" title=\"Girard Perregaux 1966 Dual Time in der Version 49544-52-131-BBB0\" src=\"https:\/\/www.uhrinstinkt.de\/magazin\/wp-content\/uploads\/2018\/10\/Girard-Perregaux-1966-Dual-Time-in-der-Version-49544-52-131-BBB0.jpg\" alt=\"Girard Perregaux 1966 Dual Time in der Version 49544-52-131-BBB0\" width=\"284\" height=\"400\" srcset=\"https:\/\/www.uhrinstinkt.de\/magazin\/wp-content\/uploads\/2018\/10\/Girard-Perregaux-1966-Dual-Time-in-der-Version-49544-52-131-BBB0.jpg 284w, https:\/\/www.uhrinstinkt.de\/magazin\/wp-content\/uploads\/2018\/10\/Girard-Perregaux-1966-Dual-Time-in-der-Version-49544-52-131-BBB0-213x300.jpg 213w\" sizes=\"auto, (max-width: 284px) 100vw, 284px\" \/><\/a> <a href=\"https:\/\/www.uhrinstinkt.de\/girard-perregaux-traveller-large-date-moonphase-gmt-49655-11-132-bb6a.html\"><img loading=\"lazy\" decoding=\"async\" class=\"alignnone wp-image-13367 size-full\" title=\"Girard Perregaux Traveller Large Date, Moonphase &amp; GMT in der Version 49655-11-132-BB6A\" src=\"https:\/\/www.uhrinstinkt.de\/magazin\/wp-content\/uploads\/2018\/10\/Girard-Perregaux-Traveller-Large-Date-Moonphase-und-GMT-in-der-Version-49655-11-132-BB6A.jpg\" alt=\"Girard Perregaux Traveller Large Date, Moonphase und GMT in der Version 49655-11-132-BB6A\" width=\"304\" height=\"400\" srcset=\"https:\/\/www.uhrinstinkt.de\/magazin\/wp-content\/uploads\/2018\/10\/Girard-Perregaux-Traveller-Large-Date-Moonphase-und-GMT-in-der-Version-49655-11-132-BB6A.jpg 304w, https:\/\/www.uhrinstinkt.de\/magazin\/wp-content\/uploads\/2018\/10\/Girard-Perregaux-Traveller-Large-Date-Moonphase-und-GMT-in-der-Version-49655-11-132-BB6A-228x300.jpg 228w\" sizes=\"auto, (max-width: 304px) 100vw, 304px\" \/><\/a><\/center><\/p>\n<p style=\"text-align: justify;\">Besonderes Aufsehen erregen beide Manufakturen regelm\u00e4\u00dfig durch extravagante Kreationen \u2013 Tourbillon, Diamantuhren und einzigartige Skeleton-Ausf\u00fchrungen bewegen sich preislich oft jenseits der 100.000 Euro und sind das Ergebnis der h\u00f6chsten nur denkbaren Uhrmacherkunst. Verst\u00e4ndlich, dass Ulysse-Nardin und Girard-Perregaux somit eine hohe Ausstrahlwirkung auf die ganze Industrie haben, denn die kreativen K\u00f6pfe aus Le Locle und La Chaux-de-Fonds sind f\u00fcr bahnbrechende Designs und geniale Mechaniken ber\u00fchmt. Wer einmal die St\u00e4nde der Marken auf der SIHH in Genf besucht hat, wei\u00df genau, wovon hier die Rede ist.<\/p>\n<div class=\"BorlabsCookie _brlbs-cb-youtube\"><div class=\"_brlbs-content-blocker\"> <div class=\"_brlbs-embed _brlbs-video-youtube\"> <img class=\"_brlbs-thumbnail\" src=\"https:\/\/www.uhrinstinkt.de\/magazin\/wp-content\/plugins\/borlabs-cookie\/assets\/images\/cb-no-thumbnail.png\" alt=\"YouTube\"> <div class=\"_brlbs-caption\"> <p>Mit dem Laden des Videos akzeptieren Sie die Datenschutzerkl\u00e4rung von YouTube.<br><a href=\"https:\/\/policies.google.com\/privacy\" target=\"_blank\" rel=\"nofollow noopener noreferrer\">Mehr erfahren<\/a><\/p> <p><a class=\"_brlbs-btn _brlbs-icon-play-white\" href=\"#\" data-borlabs-cookie-unblock role=\"button\">Video laden<\/a><\/p> <p><label><input type=\"checkbox\" name=\"unblockAll\" value=\"1\" checked> <small>YouTube immer entsperren<\/small><\/label><\/p> <\/div> <\/div> <\/div><div class=\"borlabs-hide\" data-borlabs-cookie-type=\"content-blocker\" data-borlabs-cookie-id=\"youtube\"><script type=\"text\/template\">PHA+PGlmcmFtZSBsb2FkaW5nPSJsYXp5IiBzcmM9Imh0dHBzOi8vd3d3LnlvdXR1YmUtbm9jb29raWUuY29tL2VtYmVkL2thYWMzaDV0cVljP3JlbD0wIiB3aWR0aD0iNTYwIiBoZWlnaHQ9IjMxNSIgZnJhbWVib3JkZXI9IjAiIGFsbG93ZnVsbHNjcmVlbj0iYWxsb3dmdWxsc2NyZWVuIj48L2lmcmFtZT48L3A+<\/script><\/div><\/div>\n<p style=\"text-align: justify;\">Als CEO beider Manufakturen tr\u00e4gt Patrick Pruniaux folglich eine Verantwortung, die weit \u00fcber das Schicksal der eigenen Firmen herausragt \u2013 es geht um Trends f\u00fcr die ganze Industrie, darum, welchen Weg die Luxusuhren von morgen einschlagen.<\/p>\n<h2>Optimistischer Blick in die Zukunft<\/h2>\n<p style=\"text-align: justify;\">Patrick Pruniaux hat seine Entscheidung, die kalifornische Technologiemarke zu verlassen, nie bereut. Ganz im Gegenteil: Seine erste Ankunft im B\u00fcro Ulysse-Nardins beschreibt er als gl\u00fcckliches Erlebnis, genau seinen Vorstellungen entsprechend. Er sieht seine T\u00e4tigkeit bei der Traditionsmarke, wie alle stolzen Mitarbeiter, als Fortsetzung einer jahrhundertealten Geschichte. Diese erlebte allerdings nicht nur H\u00f6hen: 1983 kurz vor der Insolvenz, stellte die \u00dcbernahme durch den Investor Rolf Schnyder die letzte Rettung dar. Das Beispiel zeigt, dass Erfolg f\u00fcr die Schweizer Uhrenindustrie l\u00e4ngst nicht selbstverst\u00e4ndlich, sondern an stetige Weiterentwicklung, Kreativit\u00e4t und hohen Innovationsgeist gebunden ist.<\/p>\n<p><center><a href=\"https:\/\/www.uhrinstinkt.de\/girard-perregaux-1966-full-calendar-49535-52-151-bk6a.html\"><img loading=\"lazy\" decoding=\"async\" class=\"alignnone wp-image-13372 size-full\" title=\"Girard Perregaux 1966 Full Calendar in der Version 49535-52-151-BK6A\" src=\"https:\/\/www.uhrinstinkt.de\/magazin\/wp-content\/uploads\/2018\/10\/Girard-Perregaux-1966-Full-Calendar-in-der-Version-49535-52-151-BK6A.jpg\" alt=\"Girard Perregaux 1966 Full Calendar in der Version 49535-52-151-BK6A\" width=\"300\" height=\"400\" srcset=\"https:\/\/www.uhrinstinkt.de\/magazin\/wp-content\/uploads\/2018\/10\/Girard-Perregaux-1966-Full-Calendar-in-der-Version-49535-52-151-BK6A.jpg 300w, https:\/\/www.uhrinstinkt.de\/magazin\/wp-content\/uploads\/2018\/10\/Girard-Perregaux-1966-Full-Calendar-in-der-Version-49535-52-151-BK6A-225x300.jpg 225w\" sizes=\"auto, (max-width: 300px) 100vw, 300px\" \/><\/a> <a href=\"https:\/\/www.uhrinstinkt.de\/girard-perregaux-vintage-1945-xxl-large-date-moonphase-25882-11-121-bb6b.html\"><img loading=\"lazy\" decoding=\"async\" class=\"alignnone wp-image-13373 size-full\" title=\"Girard Perregaux Vintage 1945 XXL Large Date, Moonphase in der Version 25882-11-121-BB6B\" src=\"https:\/\/www.uhrinstinkt.de\/magazin\/wp-content\/uploads\/2018\/10\/Girard-Perregaux-Vintage-1945-XXL-Large-Date-Moonphase-in-der-Version-25882-11-121-BB6B.jpg\" alt=\"Girard Perregaux Vintage 1945 XXL Large Date, Moonphase in der Version 25882-11-121-BB6B\" width=\"300\" height=\"400\" srcset=\"https:\/\/www.uhrinstinkt.de\/magazin\/wp-content\/uploads\/2018\/10\/Girard-Perregaux-Vintage-1945-XXL-Large-Date-Moonphase-in-der-Version-25882-11-121-BB6B.jpg 300w, https:\/\/www.uhrinstinkt.de\/magazin\/wp-content\/uploads\/2018\/10\/Girard-Perregaux-Vintage-1945-XXL-Large-Date-Moonphase-in-der-Version-25882-11-121-BB6B-225x300.jpg 225w\" sizes=\"auto, (max-width: 300px) 100vw, 300px\" \/><\/a><\/center><\/p>\n<p style=\"text-align: justify;\">Gl\u00fccklicherweise gelang es Schnyder, die Marke wieder zum Erfolg zu f\u00fchren \u2013 nicht zuletzt dank der Hilfe von Ludwig Oechslin, der noch heute stark in das Unternehmen eingebunden ist. Nun liegt es an Patrick Pruniaux, die zuletzt goldenen Jahrzehnte beider Marken fortzuf\u00fchren, ihre Position als Vorreiter bei der Entwicklung exzellenter Zeitanzeiger zu verteidigen und zu st\u00e4rken. Sein ehrgeiziger Charakter und die vielseitigen Berufserfahrungen lassen kaum Zweifel daran, dass es ihm gelingen wird \u2013 die n\u00e4chsten Jahre werden zeigen, wohin die Wege von Pruniaux, Girard-Perregaux und Ulysse-Nardin f\u00fchren werden.<\/p>\n","protected":false},"excerpt":{"rendered":"<p>\u00ab Gemeinsamer Gesch\u00e4ftsf\u00fchrer f\u00fcr Ulysse-Nardin und Girard-Perregaux \u00bb Seit dem 28. August 2017 ist Patrick Pruniaux der neue CEO der Schweizer Luxus-Uhrenhersteller Ulysse-Nardin und Girard-Perregaux. Seine Biographie ist von Flexibilit\u00e4t und vielseitiger Erfahrung gezeichnet, denn der seit seiner Kindheit von Uhren begeisterte Pruniaux arbeitete bereits f\u00fcr Tag Heuer und betreute zudem die Entwicklung der Apple &hellip;<\/p>\n","protected":false},"author":1,"featured_media":13346,"comment_status":"closed","ping_status":"open","sticky":false,"template":"","format":"standard","meta":{"footnotes":""},"categories":[11],"tags":[753,136,126,462,537,217,47],"class_list":["post-13340","post","type-post","status-publish","format-standard","has-post-thumbnail","hentry","category-neuheiten-szene","tag-ceo","tag-girard-perregaux","tag-luxusuhren","tag-patrick-pruniaux","tag-sihh","tag-smartwatch","tag-ulysse-nardin"],"yoast_head":"<!-- This site is optimized with the Yoast SEO plugin v22.5 - https:\/\/yoast.com\/wordpress\/plugins\/seo\/ -->\n<title>Patrick Pruniaux wird neuer CEO von Girard-Perregaux - Uhrinstinkt Magazin<\/title>\n<meta name=\"description\" content=\"Der Gesch\u00e4ftsf\u00fchrer von Ulysse-Nardin Patrick Pruniaux wird neuer CEO von Girard-Perregaux und damit gemeinsamer CEO \u2714 Uhrinstinkt berichtet \u2714\" \/>\n<meta name=\"robots\" content=\"index, follow, max-snippet:-1, max-image-preview:large, max-video-preview:-1\" \/>\n<link rel=\"canonical\" href=\"https:\/\/www.uhrinstinkt.de\/magazin\/patrick-pruniaux-ceo-girard-perregaux\/\" \/>\n<meta property=\"og:locale\" content=\"de_DE\" \/>\n<meta property=\"og:type\" content=\"article\" \/>\n<meta property=\"og:title\" content=\"Patrick Pruniaux wird neuer CEO von Girard-Perregaux - Uhrinstinkt Magazin\" \/>\n<meta property=\"og:description\" content=\"Der Gesch\u00e4ftsf\u00fchrer von Ulysse-Nardin Patrick Pruniaux wird neuer CEO von Girard-Perregaux und damit gemeinsamer CEO \u2714 Uhrinstinkt berichtet \u2714\" \/>\n<meta property=\"og:url\" content=\"https:\/\/www.uhrinstinkt.de\/magazin\/patrick-pruniaux-ceo-girard-perregaux\/\" \/>\n<meta property=\"og:site_name\" content=\"Uhrinstinkt Magazin\" \/>\n<meta property=\"article:publisher\" content=\"https:\/\/www.facebook.com\/uhrinstinkt.de\" \/>\n<meta property=\"article:published_time\" content=\"2018-09-14T10:02:16+00:00\" \/>\n<meta property=\"article:modified_time\" content=\"2018-09-14T12:52:01+00:00\" \/>\n<meta property=\"og:image\" content=\"https:\/\/www.uhrinstinkt.de\/magazin\/wp-content\/uploads\/2018\/10\/Patrick-Pruniaux-wird-neuer-CEO-von-Girard-Perregaux.jpg\" \/>\n\t<meta property=\"og:image:width\" content=\"800\" \/>\n\t<meta property=\"og:image:height\" content=\"534\" \/>\n\t<meta property=\"og:image:type\" content=\"image\/jpeg\" \/>\n<meta name=\"author\" content=\"Admin\" \/>\n<meta name=\"twitter:card\" content=\"summary_large_image\" \/>\n<meta name=\"twitter:creator\" content=\"@uhrinstinkt\" \/>\n<meta name=\"twitter:site\" content=\"@uhrinstinkt\" \/>\n<meta name=\"twitter:label1\" content=\"Verfasst von\" \/>\n\t<meta name=\"twitter:data1\" content=\"Admin\" \/>\n\t<meta name=\"twitter:label2\" content=\"Gesch\u00e4tzte Lesezeit\" \/>\n\t<meta name=\"twitter:data2\" content=\"4\u00a0Minuten\" \/>\n<script type=\"application\/ld+json\" class=\"yoast-schema-graph\">{\"@context\":\"https:\/\/schema.org\",\"@graph\":[{\"@type\":\"Article\",\"@id\":\"https:\/\/www.uhrinstinkt.de\/magazin\/patrick-pruniaux-ceo-girard-perregaux\/#article\",\"isPartOf\":{\"@id\":\"https:\/\/www.uhrinstinkt.de\/magazin\/patrick-pruniaux-ceo-girard-perregaux\/\"},\"author\":{\"name\":\"Admin\",\"@id\":\"https:\/\/www.uhrinstinkt.de\/magazin\/#\/schema\/person\/960ff76add8c05a574d3c3a6800c6965\"},\"headline\":\"Patrick Pruniaux wird neuer CEO von Girard-Perregaux\",\"datePublished\":\"2018-09-14T10:02:16+00:00\",\"dateModified\":\"2018-09-14T12:52:01+00:00\",\"mainEntityOfPage\":{\"@id\":\"https:\/\/www.uhrinstinkt.de\/magazin\/patrick-pruniaux-ceo-girard-perregaux\/\"},\"wordCount\":890,\"publisher\":{\"@id\":\"https:\/\/www.uhrinstinkt.de\/magazin\/#organization\"},\"image\":{\"@id\":\"https:\/\/www.uhrinstinkt.de\/magazin\/patrick-pruniaux-ceo-girard-perregaux\/#primaryimage\"},\"thumbnailUrl\":\"https:\/\/www.uhrinstinkt.de\/magazin\/wp-content\/uploads\/2018\/10\/Patrick-Pruniaux-wird-neuer-CEO-von-Girard-Perregaux.jpg\",\"keywords\":[\"CEO\",\"Girard Perregaux\",\"Luxusuhren\",\"Patrick Pruniaux\",\"SIHH\",\"Smartwatch\",\"Ulysse Nardin\"],\"articleSection\":[\"Neuheiten &amp; Szene\"],\"inLanguage\":\"de\"},{\"@type\":\"WebPage\",\"@id\":\"https:\/\/www.uhrinstinkt.de\/magazin\/patrick-pruniaux-ceo-girard-perregaux\/\",\"url\":\"https:\/\/www.uhrinstinkt.de\/magazin\/patrick-pruniaux-ceo-girard-perregaux\/\",\"name\":\"Patrick Pruniaux wird neuer CEO von Girard-Perregaux - Uhrinstinkt Magazin\",\"isPartOf\":{\"@id\":\"https:\/\/www.uhrinstinkt.de\/magazin\/#website\"},\"primaryImageOfPage\":{\"@id\":\"https:\/\/www.uhrinstinkt.de\/magazin\/patrick-pruniaux-ceo-girard-perregaux\/#primaryimage\"},\"image\":{\"@id\":\"https:\/\/www.uhrinstinkt.de\/magazin\/patrick-pruniaux-ceo-girard-perregaux\/#primaryimage\"},\"thumbnailUrl\":\"https:\/\/www.uhrinstinkt.de\/magazin\/wp-content\/uploads\/2018\/10\/Patrick-Pruniaux-wird-neuer-CEO-von-Girard-Perregaux.jpg\",\"datePublished\":\"2018-09-14T10:02:16+00:00\",\"dateModified\":\"2018-09-14T12:52:01+00:00\",\"description\":\"Der Gesch\u00e4ftsf\u00fchrer von Ulysse-Nardin Patrick Pruniaux wird neuer CEO von Girard-Perregaux und damit gemeinsamer CEO \u2714 Uhrinstinkt berichtet \u2714\",\"breadcrumb\":{\"@id\":\"https:\/\/www.uhrinstinkt.de\/magazin\/patrick-pruniaux-ceo-girard-perregaux\/#breadcrumb\"},\"inLanguage\":\"de\",\"potentialAction\":[{\"@type\":\"ReadAction\",\"target\":[\"https:\/\/www.uhrinstinkt.de\/magazin\/patrick-pruniaux-ceo-girard-perregaux\/\"]}]},{\"@type\":\"ImageObject\",\"inLanguage\":\"de\",\"@id\":\"https:\/\/www.uhrinstinkt.de\/magazin\/patrick-pruniaux-ceo-girard-perregaux\/#primaryimage\",\"url\":\"https:\/\/www.uhrinstinkt.de\/magazin\/wp-content\/uploads\/2018\/10\/Patrick-Pruniaux-wird-neuer-CEO-von-Girard-Perregaux.jpg\",\"contentUrl\":\"https:\/\/www.uhrinstinkt.de\/magazin\/wp-content\/uploads\/2018\/10\/Patrick-Pruniaux-wird-neuer-CEO-von-Girard-Perregaux.jpg\",\"width\":800,\"height\":534,\"caption\":\"\u00a9 oatawa \/ Fotolia.com\"},{\"@type\":\"BreadcrumbList\",\"@id\":\"https:\/\/www.uhrinstinkt.de\/magazin\/patrick-pruniaux-ceo-girard-perregaux\/#breadcrumb\",\"itemListElement\":[{\"@type\":\"ListItem\",\"position\":1,\"name\":\"Home\",\"item\":\"https:\/\/www.uhrinstinkt.de\/magazin\/\"},{\"@type\":\"ListItem\",\"position\":2,\"name\":\"Patrick Pruniaux wird neuer CEO von Girard-Perregaux\"}]},{\"@type\":\"WebSite\",\"@id\":\"https:\/\/www.uhrinstinkt.de\/magazin\/#website\",\"url\":\"https:\/\/www.uhrinstinkt.de\/magazin\/\",\"name\":\"Uhrinstinkt Magazin\",\"description\":\"\",\"publisher\":{\"@id\":\"https:\/\/www.uhrinstinkt.de\/magazin\/#organization\"},\"potentialAction\":[{\"@type\":\"SearchAction\",\"target\":{\"@type\":\"EntryPoint\",\"urlTemplate\":\"https:\/\/www.uhrinstinkt.de\/magazin\/?s={search_term_string}\"},\"query-input\":\"required name=search_term_string\"}],\"inLanguage\":\"de\"},{\"@type\":\"Organization\",\"@id\":\"https:\/\/www.uhrinstinkt.de\/magazin\/#organization\",\"name\":\"Prestige Luxusuhren GmbH\",\"url\":\"https:\/\/www.uhrinstinkt.de\/magazin\/\",\"logo\":{\"@type\":\"ImageObject\",\"inLanguage\":\"de\",\"@id\":\"https:\/\/www.uhrinstinkt.de\/magazin\/#\/schema\/logo\/image\/\",\"url\":\"https:\/\/www.uhrinstinkt.de\/magazin\/wp-content\/uploads\/2019\/05\/logo-final-rev.png\",\"contentUrl\":\"https:\/\/www.uhrinstinkt.de\/magazin\/wp-content\/uploads\/2019\/05\/logo-final-rev.png\",\"width\":250,\"height\":50,\"caption\":\"Prestige Luxusuhren GmbH\"},\"image\":{\"@id\":\"https:\/\/www.uhrinstinkt.de\/magazin\/#\/schema\/logo\/image\/\"},\"sameAs\":[\"https:\/\/www.facebook.com\/uhrinstinkt.de\",\"https:\/\/x.com\/uhrinstinkt\",\"http:\/\/www.instagram.com\/uhrinstinkt\/\",\"http:\/\/www.youtube.com\/user\/uhrinstinkt\"]},{\"@type\":\"Person\",\"@id\":\"https:\/\/www.uhrinstinkt.de\/magazin\/#\/schema\/person\/960ff76add8c05a574d3c3a6800c6965\",\"name\":\"Admin\",\"image\":{\"@type\":\"ImageObject\",\"inLanguage\":\"de\",\"@id\":\"https:\/\/www.uhrinstinkt.de\/magazin\/#\/schema\/person\/image\/\",\"url\":\"https:\/\/secure.gravatar.com\/avatar\/a3449097ee9ad77b44f6829fd27ae4c26aee898e18298af72c8ad7de714c38ec?s=96&d=mm&r=g\",\"contentUrl\":\"https:\/\/secure.gravatar.com\/avatar\/a3449097ee9ad77b44f6829fd27ae4c26aee898e18298af72c8ad7de714c38ec?s=96&d=mm&r=g\",\"caption\":\"Admin\"}}]}<\/script>\n<!-- \/ Yoast SEO plugin. -->","yoast_head_json":{"title":"Patrick Pruniaux wird neuer CEO von Girard-Perregaux - Uhrinstinkt Magazin","description":"Der Gesch\u00e4ftsf\u00fchrer von Ulysse-Nardin Patrick Pruniaux wird neuer CEO von Girard-Perregaux und damit gemeinsamer CEO \u2714 Uhrinstinkt berichtet \u2714","robots":{"index":"index","follow":"follow","max-snippet":"max-snippet:-1","max-image-preview":"max-image-preview:large","max-video-preview":"max-video-preview:-1"},"canonical":"https:\/\/www.uhrinstinkt.de\/magazin\/patrick-pruniaux-ceo-girard-perregaux\/","og_locale":"de_DE","og_type":"article","og_title":"Patrick Pruniaux wird neuer CEO von Girard-Perregaux - Uhrinstinkt Magazin","og_description":"Der Gesch\u00e4ftsf\u00fchrer von Ulysse-Nardin Patrick Pruniaux wird neuer CEO von Girard-Perregaux und damit gemeinsamer CEO \u2714 Uhrinstinkt berichtet \u2714","og_url":"https:\/\/www.uhrinstinkt.de\/magazin\/patrick-pruniaux-ceo-girard-perregaux\/","og_site_name":"Uhrinstinkt Magazin","article_publisher":"https:\/\/www.facebook.com\/uhrinstinkt.de","article_published_time":"2018-09-14T10:02:16+00:00","article_modified_time":"2018-09-14T12:52:01+00:00","og_image":[{"width":800,"height":534,"url":"https:\/\/www.uhrinstinkt.de\/magazin\/wp-content\/uploads\/2018\/10\/Patrick-Pruniaux-wird-neuer-CEO-von-Girard-Perregaux.jpg","type":"image\/jpeg"}],"author":"Admin","twitter_card":"summary_large_image","twitter_creator":"@uhrinstinkt","twitter_site":"@uhrinstinkt","twitter_misc":{"Verfasst von":"Admin","Gesch\u00e4tzte Lesezeit":"4\u00a0Minuten"},"schema":{"@context":"https:\/\/schema.org","@graph":[{"@type":"Article","@id":"https:\/\/www.uhrinstinkt.de\/magazin\/patrick-pruniaux-ceo-girard-perregaux\/#article","isPartOf":{"@id":"https:\/\/www.uhrinstinkt.de\/magazin\/patrick-pruniaux-ceo-girard-perregaux\/"},"author":{"name":"Admin","@id":"https:\/\/www.uhrinstinkt.de\/magazin\/#\/schema\/person\/960ff76add8c05a574d3c3a6800c6965"},"headline":"Patrick Pruniaux wird neuer CEO von Girard-Perregaux","datePublished":"2018-09-14T10:02:16+00:00","dateModified":"2018-09-14T12:52:01+00:00","mainEntityOfPage":{"@id":"https:\/\/www.uhrinstinkt.de\/magazin\/patrick-pruniaux-ceo-girard-perregaux\/"},"wordCount":890,"publisher":{"@id":"https:\/\/www.uhrinstinkt.de\/magazin\/#organization"},"image":{"@id":"https:\/\/www.uhrinstinkt.de\/magazin\/patrick-pruniaux-ceo-girard-perregaux\/#primaryimage"},"thumbnailUrl":"https:\/\/www.uhrinstinkt.de\/magazin\/wp-content\/uploads\/2018\/10\/Patrick-Pruniaux-wird-neuer-CEO-von-Girard-Perregaux.jpg","keywords":["CEO","Girard Perregaux","Luxusuhren","Patrick Pruniaux","SIHH","Smartwatch","Ulysse Nardin"],"articleSection":["Neuheiten &amp; Szene"],"inLanguage":"de"},{"@type":"WebPage","@id":"https:\/\/www.uhrinstinkt.de\/magazin\/patrick-pruniaux-ceo-girard-perregaux\/","url":"https:\/\/www.uhrinstinkt.de\/magazin\/patrick-pruniaux-ceo-girard-perregaux\/","name":"Patrick Pruniaux wird neuer CEO von Girard-Perregaux - Uhrinstinkt Magazin","isPartOf":{"@id":"https:\/\/www.uhrinstinkt.de\/magazin\/#website"},"primaryImageOfPage":{"@id":"https:\/\/www.uhrinstinkt.de\/magazin\/patrick-pruniaux-ceo-girard-perregaux\/#primaryimage"},"image":{"@id":"https:\/\/www.uhrinstinkt.de\/magazin\/patrick-pruniaux-ceo-girard-perregaux\/#primaryimage"},"thumbnailUrl":"https:\/\/www.uhrinstinkt.de\/magazin\/wp-content\/uploads\/2018\/10\/Patrick-Pruniaux-wird-neuer-CEO-von-Girard-Perregaux.jpg","datePublished":"2018-09-14T10:02:16+00:00","dateModified":"2018-09-14T12:52:01+00:00","description":"Der Gesch\u00e4ftsf\u00fchrer von Ulysse-Nardin Patrick Pruniaux wird neuer CEO von Girard-Perregaux und damit gemeinsamer CEO \u2714 Uhrinstinkt berichtet \u2714","breadcrumb":{"@id":"https:\/\/www.uhrinstinkt.de\/magazin\/patrick-pruniaux-ceo-girard-perregaux\/#breadcrumb"},"inLanguage":"de","potentialAction":[{"@type":"ReadAction","target":["https:\/\/www.uhrinstinkt.de\/magazin\/patrick-pruniaux-ceo-girard-perregaux\/"]}]},{"@type":"ImageObject","inLanguage":"de","@id":"https:\/\/www.uhrinstinkt.de\/magazin\/patrick-pruniaux-ceo-girard-perregaux\/#primaryimage","url":"https:\/\/www.uhrinstinkt.de\/magazin\/wp-content\/uploads\/2018\/10\/Patrick-Pruniaux-wird-neuer-CEO-von-Girard-Perregaux.jpg","contentUrl":"https:\/\/www.uhrinstinkt.de\/magazin\/wp-content\/uploads\/2018\/10\/Patrick-Pruniaux-wird-neuer-CEO-von-Girard-Perregaux.jpg","width":800,"height":534,"caption":"\u00a9 oatawa \/ Fotolia.com"},{"@type":"BreadcrumbList","@id":"https:\/\/www.uhrinstinkt.de\/magazin\/patrick-pruniaux-ceo-girard-perregaux\/#breadcrumb","itemListElement":[{"@type":"ListItem","position":1,"name":"Home","item":"https:\/\/www.uhrinstinkt.de\/magazin\/"},{"@type":"ListItem","position":2,"name":"Patrick Pruniaux wird neuer CEO von Girard-Perregaux"}]},{"@type":"WebSite","@id":"https:\/\/www.uhrinstinkt.de\/magazin\/#website","url":"https:\/\/www.uhrinstinkt.de\/magazin\/","name":"Uhrinstinkt Magazin","description":"","publisher":{"@id":"https:\/\/www.uhrinstinkt.de\/magazin\/#organization"},"potentialAction":[{"@type":"SearchAction","target":{"@type":"EntryPoint","urlTemplate":"https:\/\/www.uhrinstinkt.de\/magazin\/?s={search_term_string}"},"query-input":"required name=search_term_string"}],"inLanguage":"de"},{"@type":"Organization","@id":"https:\/\/www.uhrinstinkt.de\/magazin\/#organization","name":"Prestige Luxusuhren GmbH","url":"https:\/\/www.uhrinstinkt.de\/magazin\/","logo":{"@type":"ImageObject","inLanguage":"de","@id":"https:\/\/www.uhrinstinkt.de\/magazin\/#\/schema\/logo\/image\/","url":"https:\/\/www.uhrinstinkt.de\/magazin\/wp-content\/uploads\/2019\/05\/logo-final-rev.png","contentUrl":"https:\/\/www.uhrinstinkt.de\/magazin\/wp-content\/uploads\/2019\/05\/logo-final-rev.png","width":250,"height":50,"caption":"Prestige Luxusuhren GmbH"},"image":{"@id":"https:\/\/www.uhrinstinkt.de\/magazin\/#\/schema\/logo\/image\/"},"sameAs":["https:\/\/www.facebook.com\/uhrinstinkt.de","https:\/\/x.com\/uhrinstinkt","http:\/\/www.instagram.com\/uhrinstinkt\/","http:\/\/www.youtube.com\/user\/uhrinstinkt"]},{"@type":"Person","@id":"https:\/\/www.uhrinstinkt.de\/magazin\/#\/schema\/person\/960ff76add8c05a574d3c3a6800c6965","name":"Admin","image":{"@type":"ImageObject","inLanguage":"de","@id":"https:\/\/www.uhrinstinkt.de\/magazin\/#\/schema\/person\/image\/","url":"https:\/\/secure.gravatar.com\/avatar\/a3449097ee9ad77b44f6829fd27ae4c26aee898e18298af72c8ad7de714c38ec?s=96&d=mm&r=g","contentUrl":"https:\/\/secure.gravatar.com\/avatar\/a3449097ee9ad77b44f6829fd27ae4c26aee898e18298af72c8ad7de714c38ec?s=96&d=mm&r=g","caption":"Admin"}}]}},"_links":{"self":[{"href":"https:\/\/www.uhrinstinkt.de\/magazin\/wp-json\/wp\/v2\/posts\/13340","targetHints":{"allow":["GET"]}}],"collection":[{"href":"https:\/\/www.uhrinstinkt.de\/magazin\/wp-json\/wp\/v2\/posts"}],"about":[{"href":"https:\/\/www.uhrinstinkt.de\/magazin\/wp-json\/wp\/v2\/types\/post"}],"author":[{"embeddable":true,"href":"https:\/\/www.uhrinstinkt.de\/magazin\/wp-json\/wp\/v2\/users\/1"}],"replies":[{"embeddable":true,"href":"https:\/\/www.uhrinstinkt.de\/magazin\/wp-json\/wp\/v2\/comments?post=13340"}],"version-history":[{"count":31,"href":"https:\/\/www.uhrinstinkt.de\/magazin\/wp-json\/wp\/v2\/posts\/13340\/revisions"}],"predecessor-version":[{"id":13377,"href":"https:\/\/www.uhrinstinkt.de\/magazin\/wp-json\/wp\/v2\/posts\/13340\/revisions\/13377"}],"wp:featuredmedia":[{"embeddable":true,"href":"https:\/\/www.uhrinstinkt.de\/magazin\/wp-json\/wp\/v2\/media\/13346"}],"wp:attachment":[{"href":"https:\/\/www.uhrinstinkt.de\/magazin\/wp-json\/wp\/v2\/media?parent=13340"}],"wp:term":[{"taxonomy":"category","embeddable":true,"href":"https:\/\/www.uhrinstinkt.de\/magazin\/wp-json\/wp\/v2\/categories?post=13340"},{"taxonomy":"post_tag","embeddable":true,"href":"https:\/\/www.uhrinstinkt.de\/magazin\/wp-json\/wp\/v2\/tags?post=13340"}],"curies":[{"name":"wp","href":"https:\/\/api.w.org\/{rel}","templated":true}]}}