{"id":13285,"date":"2018-09-07T10:02:15","date_gmt":"2018-09-07T08:02:15","guid":{"rendered":"https:\/\/www.uhrinstinkt.de\/magazin\/?p=13285"},"modified":"2023-01-24T16:15:27","modified_gmt":"2023-01-24T15:15:27","slug":"swatch-group-verlaesst-uhrenmesse","status":"publish","type":"post","link":"https:\/\/www.uhrinstinkt.de\/magazin\/swatch-group-verlaesst-uhrenmesse\/","title":{"rendered":"Swatch Group verl\u00e4sst die Uhrenmesse"},"content":{"rendered":"<h2>\u00ab Keine Swatch auf Baselworld 2019 \u00bb<\/h2>\n<p style=\"text-align: justify;\"><strong>18 Marken, \u00fcber 36.000 Mitarbeiter und Pr\u00e4senz in allen Preissegmenten \u2013 die Swatch Group ist das mit Abstand gr\u00f6\u00dfte Unternehmen der Uhrenbranche. Entsprechend gro\u00df war der Schock, als der Gigant Ende Juli seinen R\u00fcckzug von der Baselworld bekanntgab. Damit verliert die Weltmesse f\u00fcr Uhren und Schmuck seinen gr\u00f6\u00dften Aussteller \u2013 droht nun etwa eine Kettenreaktion oder gar das zuk\u00fcnftige Aus der Veranstaltung? Sicher ist, dass eine erfolgreiche Zukunft der Baselworld nur mit weitreichenden Ver\u00e4nderungen m\u00f6glich ist. Auch hinsichtlich der Baselworld setzt die Swatch Group Trends. Nach dem Ausstieg im Jahre 2019 fand in den Folgejahren keine Baselworld mehr statt, da <\/strong><strong>zahlreiche Hersteller der Entscheidung der Swatch Group folgten.<\/strong><\/p>\n<h2>Warum die Trennung?<\/h2>\n<p style=\"text-align: justify;\">Zun\u00e4chst scheint der R\u00fcckzug von Swatch unsinnig, schlie\u00dflich gilt die Uhrenmesse als wichtigstes Event in der Branche. In Basel treffen die Gr\u00f6\u00dfen der Industrie aufeinander, es werden Kontakte geschlossen, Gesch\u00e4fte vereinbart. Doch in den letzten Jahren ist die Bedeutung der Messe zur\u00fcckgegangen \u2013 w\u00e4hrend sie fr\u00fcher als &#8220;der Ort&#8221; schlechthin galt, um Uhren an Konzession\u00e4re zu verkaufen, finden die wichtigen Gesch\u00e4fte heutzutage woanders statt. Das Zeitalter der Digitalisierung erm\u00f6glicht den Marken v\u00f6llig neue Wege zur Produktvorstellung, zudem erfreut sich der SIHH (Salon de la Haute Horlogerie) in Genf steigender Beliebtheit. Gr\u00f6\u00dfen wie <a href=\"https:\/\/www.uhrinstinkt.de\/uhr-kaufen\/girard-perregaux\/\">Girard-Perregaux<\/a> oder A. Lange &amp; S\u00f6hne sind l\u00e4ngst nicht mehr in Basel, sondern in Genf anzutreffen.<\/p>\n<div class=\"BorlabsCookie _brlbs-cb-youtube\"><div class=\"_brlbs-content-blocker\"> <div class=\"_brlbs-embed _brlbs-video-youtube\"> <img class=\"_brlbs-thumbnail\" src=\"https:\/\/www.uhrinstinkt.de\/magazin\/wp-content\/plugins\/borlabs-cookie\/assets\/images\/cb-no-thumbnail.png\" alt=\"YouTube\"> <div class=\"_brlbs-caption\"> <p>Mit dem Laden des Videos akzeptieren Sie die Datenschutzerkl\u00e4rung von YouTube.<br><a href=\"https:\/\/policies.google.com\/privacy\" target=\"_blank\" rel=\"nofollow noopener noreferrer\">Mehr erfahren<\/a><\/p> <p><a class=\"_brlbs-btn _brlbs-icon-play-white\" href=\"#\" data-borlabs-cookie-unblock role=\"button\">Video laden<\/a><\/p> <p><label><input type=\"checkbox\" name=\"unblockAll\" value=\"1\" checked> <small>YouTube immer entsperren<\/small><\/label><\/p> <\/div> <\/div> <\/div><div class=\"borlabs-hide\" data-borlabs-cookie-type=\"content-blocker\" data-borlabs-cookie-id=\"youtube\"><script type=\"text\/template\">PHA+PGlmcmFtZSBsb2FkaW5nPSJsYXp5IiBzcmM9Imh0dHBzOi8vd3d3LnlvdXR1YmUtbm9jb29raWUuY29tL2VtYmVkL1hHVFhlZWxTRlF3P3JlbD0wIiB3aWR0aD0iNjIwIiBoZWlnaHQ9IjMxNSIgZnJhbWVib3JkZXI9IjAiIGFsbG93ZnVsbHNjcmVlbj0iYWxsb3dmdWxsc2NyZWVuIj48L2lmcmFtZT48L3A+<\/script><\/div><\/div>\n<p style=\"text-align: justify;\">Der CEO von Swatch, Nick Hayek, f\u00fchrt weitere Gr\u00fcnde f\u00fcr den Ausstieg an. So sei vor allem der bestimmende, in einigen Kreisen sogar als arrogant gescholtene, Umgang mit den Ausstellern, seitens der Messeleitung, problematisch. Statt sie in Ver\u00e4nderungen einzubinden, konzentriere sich die verantwortliche MCH Group vor allem auf die Amortisierung des neuen Geb\u00e4udes \u2013 umgerechnet rund 380 Mio. Euro kostete der 2013 er\u00f6ffnete Neubau des renommierten Architekturb\u00fcros Herzog &amp; de Meuron. Entsprechend hoch sind die Kosten f\u00fcr die Swatch Group, kleinere Aussteller sowie Besucher der Messe.<\/p>\n<blockquote>\n<p style=\"text-align: justify;\">Der Kostenpunkt d\u00fcrfte entscheidend daf\u00fcr sein, warum es zuk\u00fcnftig keine Swatch auf der Baselworld zu sehen gibt.<\/p>\n<\/blockquote>\n<p style=\"text-align: justify;\">Schlicht und einfach stehen die Kosten nicht im Verh\u00e4ltnis zum Ertrag, den Swatch durch die Pr\u00e4sentation von <a href=\"https:\/\/www.uhrinstinkt.de\/uhr-kaufen\/omega\/\">Omega<\/a>, <a href=\"https:\/\/www.uhrinstinkt.de\/uhr-kaufen\/tissot\/\">Tissot<\/a>, <a href=\"https:\/\/www.uhrinstinkt.de\/uhr-kaufen\/longines\/\">Longines<\/a> und Co. generiert. Dar\u00fcber hinaus pr\u00e4ferieren die Marken seit einiger Zeit ohnehin die Er\u00f6ffnung eigener Boutiquen, wodurch Konzession\u00e4re an Bedeutung verlieren. Auf diese und andere aktuelle Herausforderungen scheint die Messe momentan keine Antwort zu haben, ein attraktives Konzept zur Neugestaltung wurde noch nicht realisiert.<\/p>\n<p><a href=\"https:\/\/www.uhrinstinkt.de\/omega-constellation-co-axial-master-chronometer-41mm-131.33.41.21.04.001.html\"><img loading=\"lazy\" decoding=\"async\" class=\"alignnone wp-image-34000\" title=\"Omega Constellation Co-Axial Master Chronometer 41mm in der Version 131.33.41.21.04.001\" src=\"https:\/\/www.uhrinstinkt.de\/magazin\/wp-content\/uploads\/2018\/09\/omega-constellation-co-axial-master-chronometer-41mm-131.33.41.21.04.001.jpg\" alt=\"Omega Constellation Co-Axial Master Chronometer 41mm in der Version 131.33.41.21.04.001\" width=\"305\" height=\"477\" srcset=\"https:\/\/www.uhrinstinkt.de\/magazin\/wp-content\/uploads\/2018\/09\/omega-constellation-co-axial-master-chronometer-41mm-131.33.41.21.04.001.jpg 400w, https:\/\/www.uhrinstinkt.de\/magazin\/wp-content\/uploads\/2018\/09\/omega-constellation-co-axial-master-chronometer-41mm-131.33.41.21.04.001-192x300.jpg 192w\" sizes=\"auto, (max-width: 305px) 100vw, 305px\" \/><\/a> <a href=\"https:\/\/www.uhrinstinkt.de\/tissot-t-sport-t-race-marc-marquez-motogp-2022-quarz-chronograph-limited-edition-t141.417.11.051.00.html\"><img loading=\"lazy\" decoding=\"async\" class=\"alignnone wp-image-34002\" title=\"Tissot T-Sport T-Race Marc Marquez Motogp 2022 Quarz Chronograph Limited Edition in der Version T141.417.11.051.00 aus Edelstahl\" src=\"https:\/\/www.uhrinstinkt.de\/magazin\/wp-content\/uploads\/2018\/09\/tissot-t-sport-t-race-marc-marquez-motogp-2022-quarz-chronograph-limited-edition-t141.417.11.051.00.jpg\" alt=\"Tissot T-Sport T-Race Marc Marquez Motogp 2022 Quarz Chronograph Limited Edition in der Version T141.417.11.051.00 aus Edelstahl\" width=\"309\" height=\"470\" srcset=\"https:\/\/www.uhrinstinkt.de\/magazin\/wp-content\/uploads\/2018\/09\/tissot-t-sport-t-race-marc-marquez-motogp-2022-quarz-chronograph-limited-edition-t141.417.11.051.00.jpg 400w, https:\/\/www.uhrinstinkt.de\/magazin\/wp-content\/uploads\/2018\/09\/tissot-t-sport-t-race-marc-marquez-motogp-2022-quarz-chronograph-limited-edition-t141.417.11.051.00-197x300.jpg 197w\" sizes=\"auto, (max-width: 309px) 100vw, 309px\" \/><\/a><\/p>\n<h2>Swatch \u2013 der Riese der Uhrenindustrie<\/h2>\n<p style=\"text-align: justify;\">Es bedarf keiner genauen Betrachtung, um die gewaltigen Ausma\u00dfe der Swatch Group zu erkennen: Die Holding umfasst 37 Tochtergesellschaften in rund 50 L\u00e4ndern, 2016 belief sich der Umsatz auf rund 7,5 Milliarden Franken. Deutliche Pr\u00e4senz zeigt der Konzern in allen Preissegmenten der Uhrenindustrie. So geh\u00f6ren zum Luxussegment etwa <a href=\"https:\/\/www.uhrinstinkt.de\/uhr-kaufen\/blancpain\/\">Blancpain<\/a>, <a href=\"https:\/\/www.uhrinstinkt.de\/uhr-kaufen\/breguet\/\" class=\"broken_link\">Breguet<\/a>, Omega und <a href=\"https:\/\/www.uhrinstinkt.de\/uhr-kaufen\/glashuette-original\/\">Glash\u00fctte Original<\/a>, w\u00e4hrend sich im starken Mittelsegment neben Tissot und <a href=\"https:\/\/www.uhrinstinkt.de\/uhr-kaufen\/certina\/\" class=\"broken_link\">Certina<\/a> auch <a href=\"https:\/\/www.uhrinstinkt.de\/uhr-kaufen\/rado\/\">Rado<\/a>, <a href=\"https:\/\/www.uhrinstinkt.de\/uhr-kaufen\/union-glashuette\/\">Union Glash\u00fctte<\/a> und <a href=\"https:\/\/www.uhrinstinkt.de\/uhr-kaufen\/hamilton\/\">Hamilton<\/a> bewegen. Erw\u00e4hnenswert ist zudem, dass mit der ETA SA der gr\u00f6\u00dfte Zulieferer von Kalibern aller Klassen zum Unternehmen geh\u00f6rt.<\/p>\n<div class=\"BorlabsCookie _brlbs-cb-youtube\"><div class=\"_brlbs-content-blocker\"> <div class=\"_brlbs-embed _brlbs-video-youtube\"> <img class=\"_brlbs-thumbnail\" src=\"https:\/\/www.uhrinstinkt.de\/magazin\/wp-content\/plugins\/borlabs-cookie\/assets\/images\/cb-no-thumbnail.png\" alt=\"YouTube\"> <div class=\"_brlbs-caption\"> <p>Mit dem Laden des Videos akzeptieren Sie die Datenschutzerkl\u00e4rung von YouTube.<br><a href=\"https:\/\/policies.google.com\/privacy\" target=\"_blank\" rel=\"nofollow noopener noreferrer\">Mehr erfahren<\/a><\/p> <p><a class=\"_brlbs-btn _brlbs-icon-play-white\" href=\"#\" data-borlabs-cookie-unblock role=\"button\">Video laden<\/a><\/p> <p><label><input type=\"checkbox\" name=\"unblockAll\" value=\"1\" checked> <small>YouTube immer entsperren<\/small><\/label><\/p> <\/div> <\/div> <\/div><div class=\"borlabs-hide\" data-borlabs-cookie-type=\"content-blocker\" data-borlabs-cookie-id=\"youtube\"><script type=\"text\/template\">PHA+PGlmcmFtZSBsb2FkaW5nPSJsYXp5IiBzcmM9Imh0dHBzOi8vd3d3LnlvdXR1YmUtbm9jb29raWUuY29tL2VtYmVkL3JQSHBleVJuRW40P3JlbD0wIiB3aWR0aD0iNjIwIiBoZWlnaHQ9IjMxNSIgZnJhbWVib3JkZXI9IjAiIGFsbG93ZnVsbHNjcmVlbj0iYWxsb3dmdWxsc2NyZWVuIj48L2lmcmFtZT48L3A+<\/script><\/div><\/div>\n<p style=\"text-align: justify;\">Damit wird klar, dass die renommierte Uhrenmesse aus Basel mit dem R\u00fcckzug ihres gr\u00f6\u00dften Ausstellers einen beachtlichen Verlust erleidet \u2013 er wird auf rund 50 Mio. Franken gesch\u00e4tzt. Ber\u00fccksichtigt man zudem die nun geringere Attraktivit\u00e4t f\u00fcr Besucher und andere Aussteller, sind weitere Gewinn-Schm\u00e4lerungen zu erwarten. Steht die Messe also nun am Abgrund? Wohl eher nicht.<\/p>\n<h2>Und wie steht es um die Zukunft der Baselworld?<\/h2>\n<p style=\"text-align: justify;\">Auch wenn es 2019 keine Swatch auf der Baselworld geben wird, lebt die Messe (vorerst) weiter. Angesichts der reichen Historie der Veranstaltung w\u00e4re alles andere \u00fcberaus bedauerlich \u2013 bereits 1917 fand im Rahmen der Basler Mustermesse die erste Uhren- und Schmuckmesse statt.\u00a0Anfang der 1930er Jahre war die Beliebtheit schon so gro\u00df, dass der Veranstaltung ein eigener Pavillon zugesprochen wurde. 1973 erfolgte mit der \u00d6ffnung f\u00fcr ausl\u00e4ndische Aussteller eine weitere Vergr\u00f6\u00dferung.<\/p>\n<blockquote>\n<p style=\"text-align: justify;\">Man konnte den steigenden Erfolg der Uhrenindustrie buchst\u00e4blich am Wachstum der Baselworld ablesen.<\/p>\n<\/blockquote>\n<p style=\"text-align: justify;\">In j\u00fcngster Zeit hingegen hat die Messe mit gravierenden Problemen zu k\u00e4mpfen, 2018 nahmen mit rund 650 Ausstellern nur halb so viele teil wie im Vorjahr. Wenige Jahre zuvor konnten noch etwa 2000 Aussteller verzeichnet werden.<\/p>\n<p style=\"text-align: justify;\">Trotz der bedrohlichen Lage sind wichtige St\u00fctzen des Events noch intakt \u2013 wenngleich Certina, Hamilton und Rado nun nicht mehr anzutreffen sind, haben <a href=\"https:\/\/www.uhrinstinkt.de\/uhr-kaufen\/rolex\/\">Rolex<\/a> und Patek Philippe bereits ihre Teilnahme 2019 zugesagt. Auch <a href=\"https:\/\/www.uhrinstinkt.de\/uhr-kaufen\/breitling\/\">Breitling<\/a> gab bekannt, im n\u00e4chsten Jahr auszustellen. Dieses Fundament wird durch die Tatsache gest\u00e4rkt, dass auch LVMH im Jahr 2019 dabei sein wird \u2013 zum Luxusg\u00fcterkonzern geh\u00f6ren unter anderem\u00a0<a href=\"https:\/\/www.uhrinstinkt.de\/uhr-kaufen\/tag-heuer\/\">Tag Heuer<\/a>, <a href=\"https:\/\/www.uhrinstinkt.de\/uhr-kaufen\/hublot\/\">Hublot<\/a> und <a href=\"https:\/\/www.uhrinstinkt.de\/uhr-kaufen\/zenith\/\">Zenith<\/a>.<\/p>\n<h2>Die Lage erfordert Ver\u00e4nderungen<\/h2>\n<p style=\"text-align: justify;\">Kurzfristig scheint das Bestehen der Baselworld also sicher zu sein. Langfristig m\u00fcssen sich die Organisatoren jedoch Gedanken dar\u00fcber machen, wie die Attraktivit\u00e4t der Veranstaltung wieder auf Spitzenniveau gebracht werden kann \u2013 definitiv kein Kinderspiel. Sollten zuk\u00fcnftig weitere Marken fehlen, die eine \u00e4hnliche Symbolkraft wie Breguet, Blancpain oder Glash\u00fctte Original haben, w\u00fcrde dies unvermeidlich das Ende der traditionsreichen Messe bedeuten.<\/p>\n<blockquote>\n<p style=\"text-align: justify;\">Wenn es aber gelingt, in den kommenden Jahren einen Neuanfang mit kreativen, modernen Ideen zu starten, k\u00f6nnte die Swatch Group und mit ihr Marken wie Omega, Longines und Union Glash\u00fctte auf das Parkett in Basel zur\u00fcckkehren.<\/p>\n<\/blockquote>\n<p style=\"text-align: justify;\">H\u00f6rt man jedenfalls auf die Worte des Messechefs Michel Loris-Melikoff, besteht Grund zur Hoffnung: Bereits 2019 soll die Messe &#8220;kreativ und in einer neuen Denkart&#8221; ausgetragen werden.<\/p>\n","protected":false},"excerpt":{"rendered":"<p>\u00ab Keine Swatch auf Baselworld 2019 \u00bb 18 Marken, \u00fcber 36.000 Mitarbeiter und Pr\u00e4senz in allen Preissegmenten \u2013 die Swatch Group ist das mit Abstand gr\u00f6\u00dfte Unternehmen der Uhrenbranche. Entsprechend gro\u00df war der Schock, als der Gigant Ende Juli seinen R\u00fcckzug von der Baselworld bekanntgab. Damit verliert die Weltmesse f\u00fcr Uhren und Schmuck seinen gr\u00f6\u00dften &hellip;<\/p>\n","protected":false},"author":1,"featured_media":16067,"comment_status":"closed","ping_status":"open","sticky":false,"template":"","format":"standard","meta":{"footnotes":""},"categories":[11],"tags":[45,750,413,751,583],"class_list":["post-13285","post","type-post","status-publish","format-standard","has-post-thumbnail","hentry","category-neuheiten-szene","tag-baselworld","tag-nick-hayek","tag-swatch-group","tag-uhrenindustrie","tag-uhrenmesse"],"yoast_head":"<!-- This site is optimized with the Yoast SEO plugin v22.5 - https:\/\/yoast.com\/wordpress\/plugins\/seo\/ -->\n<title>Swatch Group verl\u00e4sst die Uhrenmesse - Uhrinstinkt Magazin<\/title>\n<meta name=\"description\" content=\"Das Uhrinstinkt Magazin berichtet \u00fcber das angek\u00fcndigte Verlassen von Basels Uhrenmesse der Swatch Group! \u2013 Lesen Sie Gr\u00fcnde \u2714 Hintergr\u00fcnde \u2714\" \/>\n<meta name=\"robots\" content=\"index, follow, max-snippet:-1, max-image-preview:large, max-video-preview:-1\" \/>\n<link rel=\"canonical\" href=\"https:\/\/www.uhrinstinkt.de\/magazin\/swatch-group-verlaesst-uhrenmesse\/\" \/>\n<meta property=\"og:locale\" content=\"de_DE\" \/>\n<meta property=\"og:type\" content=\"article\" \/>\n<meta property=\"og:title\" content=\"Swatch Group verl\u00e4sst die Uhrenmesse - Uhrinstinkt Magazin\" \/>\n<meta property=\"og:description\" content=\"Das Uhrinstinkt Magazin berichtet \u00fcber das angek\u00fcndigte Verlassen von Basels Uhrenmesse der Swatch Group! \u2013 Lesen Sie Gr\u00fcnde \u2714 Hintergr\u00fcnde \u2714\" \/>\n<meta property=\"og:url\" content=\"https:\/\/www.uhrinstinkt.de\/magazin\/swatch-group-verlaesst-uhrenmesse\/\" \/>\n<meta property=\"og:site_name\" content=\"Uhrinstinkt Magazin\" \/>\n<meta property=\"article:publisher\" content=\"https:\/\/www.facebook.com\/uhrinstinkt.de\" \/>\n<meta property=\"article:published_time\" content=\"2018-09-07T08:02:15+00:00\" \/>\n<meta property=\"article:modified_time\" content=\"2023-01-24T15:15:27+00:00\" \/>\n<meta property=\"og:image\" content=\"https:\/\/www.uhrinstinkt.de\/magazin\/wp-content\/uploads\/2018\/09\/Swatch-Group-verlaesst-die-Uhrenmesse.jpg\" \/>\n\t<meta property=\"og:image:width\" content=\"800\" \/>\n\t<meta property=\"og:image:height\" content=\"533\" \/>\n\t<meta property=\"og:image:type\" content=\"image\/jpeg\" \/>\n<meta name=\"author\" content=\"Admin\" \/>\n<meta name=\"twitter:card\" content=\"summary_large_image\" \/>\n<meta name=\"twitter:creator\" content=\"@uhrinstinkt\" \/>\n<meta name=\"twitter:site\" content=\"@uhrinstinkt\" \/>\n<meta name=\"twitter:label1\" content=\"Verfasst von\" \/>\n\t<meta name=\"twitter:data1\" content=\"Admin\" \/>\n\t<meta name=\"twitter:label2\" content=\"Gesch\u00e4tzte Lesezeit\" \/>\n\t<meta name=\"twitter:data2\" content=\"6\u00a0Minuten\" \/>\n<script type=\"application\/ld+json\" class=\"yoast-schema-graph\">{\"@context\":\"https:\/\/schema.org\",\"@graph\":[{\"@type\":\"Article\",\"@id\":\"https:\/\/www.uhrinstinkt.de\/magazin\/swatch-group-verlaesst-uhrenmesse\/#article\",\"isPartOf\":{\"@id\":\"https:\/\/www.uhrinstinkt.de\/magazin\/swatch-group-verlaesst-uhrenmesse\/\"},\"author\":{\"name\":\"Admin\",\"@id\":\"https:\/\/www.uhrinstinkt.de\/magazin\/#\/schema\/person\/960ff76add8c05a574d3c3a6800c6965\"},\"headline\":\"Swatch Group verl\u00e4sst die Uhrenmesse\",\"datePublished\":\"2018-09-07T08:02:15+00:00\",\"dateModified\":\"2023-01-24T15:15:27+00:00\",\"mainEntityOfPage\":{\"@id\":\"https:\/\/www.uhrinstinkt.de\/magazin\/swatch-group-verlaesst-uhrenmesse\/\"},\"wordCount\":918,\"publisher\":{\"@id\":\"https:\/\/www.uhrinstinkt.de\/magazin\/#organization\"},\"image\":{\"@id\":\"https:\/\/www.uhrinstinkt.de\/magazin\/swatch-group-verlaesst-uhrenmesse\/#primaryimage\"},\"thumbnailUrl\":\"https:\/\/www.uhrinstinkt.de\/magazin\/wp-content\/uploads\/2018\/09\/Swatch-Group-verlaesst-die-Uhrenmesse.jpg\",\"keywords\":[\"Baselworld\",\"Nick Hayek\",\"Swatch Group\",\"Uhrenindustrie\",\"Uhrenmesse\"],\"articleSection\":[\"Neuheiten &amp; Szene\"],\"inLanguage\":\"de\"},{\"@type\":\"WebPage\",\"@id\":\"https:\/\/www.uhrinstinkt.de\/magazin\/swatch-group-verlaesst-uhrenmesse\/\",\"url\":\"https:\/\/www.uhrinstinkt.de\/magazin\/swatch-group-verlaesst-uhrenmesse\/\",\"name\":\"Swatch Group verl\u00e4sst die Uhrenmesse - Uhrinstinkt Magazin\",\"isPartOf\":{\"@id\":\"https:\/\/www.uhrinstinkt.de\/magazin\/#website\"},\"primaryImageOfPage\":{\"@id\":\"https:\/\/www.uhrinstinkt.de\/magazin\/swatch-group-verlaesst-uhrenmesse\/#primaryimage\"},\"image\":{\"@id\":\"https:\/\/www.uhrinstinkt.de\/magazin\/swatch-group-verlaesst-uhrenmesse\/#primaryimage\"},\"thumbnailUrl\":\"https:\/\/www.uhrinstinkt.de\/magazin\/wp-content\/uploads\/2018\/09\/Swatch-Group-verlaesst-die-Uhrenmesse.jpg\",\"datePublished\":\"2018-09-07T08:02:15+00:00\",\"dateModified\":\"2023-01-24T15:15:27+00:00\",\"description\":\"Das Uhrinstinkt Magazin berichtet \u00fcber das angek\u00fcndigte Verlassen von Basels Uhrenmesse der Swatch Group! \u2013 Lesen Sie Gr\u00fcnde \u2714 Hintergr\u00fcnde \u2714\",\"breadcrumb\":{\"@id\":\"https:\/\/www.uhrinstinkt.de\/magazin\/swatch-group-verlaesst-uhrenmesse\/#breadcrumb\"},\"inLanguage\":\"de\",\"potentialAction\":[{\"@type\":\"ReadAction\",\"target\":[\"https:\/\/www.uhrinstinkt.de\/magazin\/swatch-group-verlaesst-uhrenmesse\/\"]}]},{\"@type\":\"ImageObject\",\"inLanguage\":\"de\",\"@id\":\"https:\/\/www.uhrinstinkt.de\/magazin\/swatch-group-verlaesst-uhrenmesse\/#primaryimage\",\"url\":\"https:\/\/www.uhrinstinkt.de\/magazin\/wp-content\/uploads\/2018\/09\/Swatch-Group-verlaesst-die-Uhrenmesse.jpg\",\"contentUrl\":\"https:\/\/www.uhrinstinkt.de\/magazin\/wp-content\/uploads\/2018\/09\/Swatch-Group-verlaesst-die-Uhrenmesse.jpg\",\"width\":800,\"height\":533,\"caption\":\"\u00a9 KittyKat \u2013 stock.adobe.com\"},{\"@type\":\"BreadcrumbList\",\"@id\":\"https:\/\/www.uhrinstinkt.de\/magazin\/swatch-group-verlaesst-uhrenmesse\/#breadcrumb\",\"itemListElement\":[{\"@type\":\"ListItem\",\"position\":1,\"name\":\"Home\",\"item\":\"https:\/\/www.uhrinstinkt.de\/magazin\/\"},{\"@type\":\"ListItem\",\"position\":2,\"name\":\"Swatch Group verl\u00e4sst die Uhrenmesse\"}]},{\"@type\":\"WebSite\",\"@id\":\"https:\/\/www.uhrinstinkt.de\/magazin\/#website\",\"url\":\"https:\/\/www.uhrinstinkt.de\/magazin\/\",\"name\":\"Uhrinstinkt Magazin\",\"description\":\"\",\"publisher\":{\"@id\":\"https:\/\/www.uhrinstinkt.de\/magazin\/#organization\"},\"potentialAction\":[{\"@type\":\"SearchAction\",\"target\":{\"@type\":\"EntryPoint\",\"urlTemplate\":\"https:\/\/www.uhrinstinkt.de\/magazin\/?s={search_term_string}\"},\"query-input\":\"required name=search_term_string\"}],\"inLanguage\":\"de\"},{\"@type\":\"Organization\",\"@id\":\"https:\/\/www.uhrinstinkt.de\/magazin\/#organization\",\"name\":\"Prestige Luxusuhren GmbH\",\"url\":\"https:\/\/www.uhrinstinkt.de\/magazin\/\",\"logo\":{\"@type\":\"ImageObject\",\"inLanguage\":\"de\",\"@id\":\"https:\/\/www.uhrinstinkt.de\/magazin\/#\/schema\/logo\/image\/\",\"url\":\"https:\/\/www.uhrinstinkt.de\/magazin\/wp-content\/uploads\/2019\/05\/logo-final-rev.png\",\"contentUrl\":\"https:\/\/www.uhrinstinkt.de\/magazin\/wp-content\/uploads\/2019\/05\/logo-final-rev.png\",\"width\":250,\"height\":50,\"caption\":\"Prestige Luxusuhren GmbH\"},\"image\":{\"@id\":\"https:\/\/www.uhrinstinkt.de\/magazin\/#\/schema\/logo\/image\/\"},\"sameAs\":[\"https:\/\/www.facebook.com\/uhrinstinkt.de\",\"https:\/\/x.com\/uhrinstinkt\",\"http:\/\/www.instagram.com\/uhrinstinkt\/\",\"http:\/\/www.youtube.com\/user\/uhrinstinkt\"]},{\"@type\":\"Person\",\"@id\":\"https:\/\/www.uhrinstinkt.de\/magazin\/#\/schema\/person\/960ff76add8c05a574d3c3a6800c6965\",\"name\":\"Admin\",\"image\":{\"@type\":\"ImageObject\",\"inLanguage\":\"de\",\"@id\":\"https:\/\/www.uhrinstinkt.de\/magazin\/#\/schema\/person\/image\/\",\"url\":\"https:\/\/secure.gravatar.com\/avatar\/a3449097ee9ad77b44f6829fd27ae4c26aee898e18298af72c8ad7de714c38ec?s=96&d=mm&r=g\",\"contentUrl\":\"https:\/\/secure.gravatar.com\/avatar\/a3449097ee9ad77b44f6829fd27ae4c26aee898e18298af72c8ad7de714c38ec?s=96&d=mm&r=g\",\"caption\":\"Admin\"}}]}<\/script>\n<!-- \/ Yoast SEO plugin. -->","yoast_head_json":{"title":"Swatch Group verl\u00e4sst die Uhrenmesse - Uhrinstinkt Magazin","description":"Das Uhrinstinkt Magazin berichtet \u00fcber das angek\u00fcndigte Verlassen von Basels Uhrenmesse der Swatch Group! \u2013 Lesen Sie Gr\u00fcnde \u2714 Hintergr\u00fcnde \u2714","robots":{"index":"index","follow":"follow","max-snippet":"max-snippet:-1","max-image-preview":"max-image-preview:large","max-video-preview":"max-video-preview:-1"},"canonical":"https:\/\/www.uhrinstinkt.de\/magazin\/swatch-group-verlaesst-uhrenmesse\/","og_locale":"de_DE","og_type":"article","og_title":"Swatch Group verl\u00e4sst die Uhrenmesse - Uhrinstinkt Magazin","og_description":"Das Uhrinstinkt Magazin berichtet \u00fcber das angek\u00fcndigte Verlassen von Basels Uhrenmesse der Swatch Group! \u2013 Lesen Sie Gr\u00fcnde \u2714 Hintergr\u00fcnde \u2714","og_url":"https:\/\/www.uhrinstinkt.de\/magazin\/swatch-group-verlaesst-uhrenmesse\/","og_site_name":"Uhrinstinkt Magazin","article_publisher":"https:\/\/www.facebook.com\/uhrinstinkt.de","article_published_time":"2018-09-07T08:02:15+00:00","article_modified_time":"2023-01-24T15:15:27+00:00","og_image":[{"width":800,"height":533,"url":"https:\/\/www.uhrinstinkt.de\/magazin\/wp-content\/uploads\/2018\/09\/Swatch-Group-verlaesst-die-Uhrenmesse.jpg","type":"image\/jpeg"}],"author":"Admin","twitter_card":"summary_large_image","twitter_creator":"@uhrinstinkt","twitter_site":"@uhrinstinkt","twitter_misc":{"Verfasst von":"Admin","Gesch\u00e4tzte Lesezeit":"6\u00a0Minuten"},"schema":{"@context":"https:\/\/schema.org","@graph":[{"@type":"Article","@id":"https:\/\/www.uhrinstinkt.de\/magazin\/swatch-group-verlaesst-uhrenmesse\/#article","isPartOf":{"@id":"https:\/\/www.uhrinstinkt.de\/magazin\/swatch-group-verlaesst-uhrenmesse\/"},"author":{"name":"Admin","@id":"https:\/\/www.uhrinstinkt.de\/magazin\/#\/schema\/person\/960ff76add8c05a574d3c3a6800c6965"},"headline":"Swatch Group verl\u00e4sst die Uhrenmesse","datePublished":"2018-09-07T08:02:15+00:00","dateModified":"2023-01-24T15:15:27+00:00","mainEntityOfPage":{"@id":"https:\/\/www.uhrinstinkt.de\/magazin\/swatch-group-verlaesst-uhrenmesse\/"},"wordCount":918,"publisher":{"@id":"https:\/\/www.uhrinstinkt.de\/magazin\/#organization"},"image":{"@id":"https:\/\/www.uhrinstinkt.de\/magazin\/swatch-group-verlaesst-uhrenmesse\/#primaryimage"},"thumbnailUrl":"https:\/\/www.uhrinstinkt.de\/magazin\/wp-content\/uploads\/2018\/09\/Swatch-Group-verlaesst-die-Uhrenmesse.jpg","keywords":["Baselworld","Nick Hayek","Swatch Group","Uhrenindustrie","Uhrenmesse"],"articleSection":["Neuheiten &amp; Szene"],"inLanguage":"de"},{"@type":"WebPage","@id":"https:\/\/www.uhrinstinkt.de\/magazin\/swatch-group-verlaesst-uhrenmesse\/","url":"https:\/\/www.uhrinstinkt.de\/magazin\/swatch-group-verlaesst-uhrenmesse\/","name":"Swatch Group verl\u00e4sst die Uhrenmesse - Uhrinstinkt Magazin","isPartOf":{"@id":"https:\/\/www.uhrinstinkt.de\/magazin\/#website"},"primaryImageOfPage":{"@id":"https:\/\/www.uhrinstinkt.de\/magazin\/swatch-group-verlaesst-uhrenmesse\/#primaryimage"},"image":{"@id":"https:\/\/www.uhrinstinkt.de\/magazin\/swatch-group-verlaesst-uhrenmesse\/#primaryimage"},"thumbnailUrl":"https:\/\/www.uhrinstinkt.de\/magazin\/wp-content\/uploads\/2018\/09\/Swatch-Group-verlaesst-die-Uhrenmesse.jpg","datePublished":"2018-09-07T08:02:15+00:00","dateModified":"2023-01-24T15:15:27+00:00","description":"Das Uhrinstinkt Magazin berichtet \u00fcber das angek\u00fcndigte Verlassen von Basels Uhrenmesse der Swatch Group! \u2013 Lesen Sie Gr\u00fcnde \u2714 Hintergr\u00fcnde \u2714","breadcrumb":{"@id":"https:\/\/www.uhrinstinkt.de\/magazin\/swatch-group-verlaesst-uhrenmesse\/#breadcrumb"},"inLanguage":"de","potentialAction":[{"@type":"ReadAction","target":["https:\/\/www.uhrinstinkt.de\/magazin\/swatch-group-verlaesst-uhrenmesse\/"]}]},{"@type":"ImageObject","inLanguage":"de","@id":"https:\/\/www.uhrinstinkt.de\/magazin\/swatch-group-verlaesst-uhrenmesse\/#primaryimage","url":"https:\/\/www.uhrinstinkt.de\/magazin\/wp-content\/uploads\/2018\/09\/Swatch-Group-verlaesst-die-Uhrenmesse.jpg","contentUrl":"https:\/\/www.uhrinstinkt.de\/magazin\/wp-content\/uploads\/2018\/09\/Swatch-Group-verlaesst-die-Uhrenmesse.jpg","width":800,"height":533,"caption":"\u00a9 KittyKat \u2013 stock.adobe.com"},{"@type":"BreadcrumbList","@id":"https:\/\/www.uhrinstinkt.de\/magazin\/swatch-group-verlaesst-uhrenmesse\/#breadcrumb","itemListElement":[{"@type":"ListItem","position":1,"name":"Home","item":"https:\/\/www.uhrinstinkt.de\/magazin\/"},{"@type":"ListItem","position":2,"name":"Swatch Group verl\u00e4sst die Uhrenmesse"}]},{"@type":"WebSite","@id":"https:\/\/www.uhrinstinkt.de\/magazin\/#website","url":"https:\/\/www.uhrinstinkt.de\/magazin\/","name":"Uhrinstinkt Magazin","description":"","publisher":{"@id":"https:\/\/www.uhrinstinkt.de\/magazin\/#organization"},"potentialAction":[{"@type":"SearchAction","target":{"@type":"EntryPoint","urlTemplate":"https:\/\/www.uhrinstinkt.de\/magazin\/?s={search_term_string}"},"query-input":"required name=search_term_string"}],"inLanguage":"de"},{"@type":"Organization","@id":"https:\/\/www.uhrinstinkt.de\/magazin\/#organization","name":"Prestige Luxusuhren GmbH","url":"https:\/\/www.uhrinstinkt.de\/magazin\/","logo":{"@type":"ImageObject","inLanguage":"de","@id":"https:\/\/www.uhrinstinkt.de\/magazin\/#\/schema\/logo\/image\/","url":"https:\/\/www.uhrinstinkt.de\/magazin\/wp-content\/uploads\/2019\/05\/logo-final-rev.png","contentUrl":"https:\/\/www.uhrinstinkt.de\/magazin\/wp-content\/uploads\/2019\/05\/logo-final-rev.png","width":250,"height":50,"caption":"Prestige Luxusuhren GmbH"},"image":{"@id":"https:\/\/www.uhrinstinkt.de\/magazin\/#\/schema\/logo\/image\/"},"sameAs":["https:\/\/www.facebook.com\/uhrinstinkt.de","https:\/\/x.com\/uhrinstinkt","http:\/\/www.instagram.com\/uhrinstinkt\/","http:\/\/www.youtube.com\/user\/uhrinstinkt"]},{"@type":"Person","@id":"https:\/\/www.uhrinstinkt.de\/magazin\/#\/schema\/person\/960ff76add8c05a574d3c3a6800c6965","name":"Admin","image":{"@type":"ImageObject","inLanguage":"de","@id":"https:\/\/www.uhrinstinkt.de\/magazin\/#\/schema\/person\/image\/","url":"https:\/\/secure.gravatar.com\/avatar\/a3449097ee9ad77b44f6829fd27ae4c26aee898e18298af72c8ad7de714c38ec?s=96&d=mm&r=g","contentUrl":"https:\/\/secure.gravatar.com\/avatar\/a3449097ee9ad77b44f6829fd27ae4c26aee898e18298af72c8ad7de714c38ec?s=96&d=mm&r=g","caption":"Admin"}}]}},"_links":{"self":[{"href":"https:\/\/www.uhrinstinkt.de\/magazin\/wp-json\/wp\/v2\/posts\/13285","targetHints":{"allow":["GET"]}}],"collection":[{"href":"https:\/\/www.uhrinstinkt.de\/magazin\/wp-json\/wp\/v2\/posts"}],"about":[{"href":"https:\/\/www.uhrinstinkt.de\/magazin\/wp-json\/wp\/v2\/types\/post"}],"author":[{"embeddable":true,"href":"https:\/\/www.uhrinstinkt.de\/magazin\/wp-json\/wp\/v2\/users\/1"}],"replies":[{"embeddable":true,"href":"https:\/\/www.uhrinstinkt.de\/magazin\/wp-json\/wp\/v2\/comments?post=13285"}],"version-history":[{"count":24,"href":"https:\/\/www.uhrinstinkt.de\/magazin\/wp-json\/wp\/v2\/posts\/13285\/revisions"}],"predecessor-version":[{"id":34004,"href":"https:\/\/www.uhrinstinkt.de\/magazin\/wp-json\/wp\/v2\/posts\/13285\/revisions\/34004"}],"wp:featuredmedia":[{"embeddable":true,"href":"https:\/\/www.uhrinstinkt.de\/magazin\/wp-json\/wp\/v2\/media\/16067"}],"wp:attachment":[{"href":"https:\/\/www.uhrinstinkt.de\/magazin\/wp-json\/wp\/v2\/media?parent=13285"}],"wp:term":[{"taxonomy":"category","embeddable":true,"href":"https:\/\/www.uhrinstinkt.de\/magazin\/wp-json\/wp\/v2\/categories?post=13285"},{"taxonomy":"post_tag","embeddable":true,"href":"https:\/\/www.uhrinstinkt.de\/magazin\/wp-json\/wp\/v2\/tags?post=13285"}],"curies":[{"name":"wp","href":"https:\/\/api.w.org\/{rel}","templated":true}]}}